{"id":3432,"date":"2026-04-09T11:14:19","date_gmt":"2026-04-09T08:14:19","guid":{"rendered":"https:\/\/www.muzaffertekin.com.tr\/?p=3432"},"modified":"2026-04-09T11:14:20","modified_gmt":"2026-04-09T08:14:20","slug":"muzaffer-tekin-bir-kahramanin-ardindan","status":"publish","type":"post","link":"https:\/\/www.muzaffertekin.com.tr\/?p=3432","title":{"rendered":"Muzaffer Tekin: Bir kahraman\u0131n ard\u0131ndan"},"content":{"rendered":"\n<p><em><strong>Mustafa \u00d6nsel&#8217;in, Muzaffer Tekin&#8217;in \u00f6l\u00fcm y\u0131l d\u00f6n\u00fcm\u00fcnde yazd\u0131\u011f\u0131 yaz\u0131y\u0131 okuyucular\u0131m\u0131zla payla\u015f\u0131yoruz.<\/strong><\/em><\/p>\n\n\n\n<figure class=\"wp-block-image size-full is-resized\"><img loading=\"lazy\" decoding=\"async\" width=\"552\" height=\"340\" src=\"https:\/\/www.muzaffertekin.com.tr\/wp-content\/uploads\/2017\/04\/Muzaffer-Tekin.jpg\" alt=\"\" class=\"wp-image-3144\" style=\"width:688px;height:auto\" srcset=\"https:\/\/www.muzaffertekin.com.tr\/wp-content\/uploads\/2017\/04\/Muzaffer-Tekin.jpg 552w, https:\/\/www.muzaffertekin.com.tr\/wp-content\/uploads\/2017\/04\/Muzaffer-Tekin-300x185.jpg 300w\" sizes=\"auto, (max-width: 552px) 100vw, 552px\" \/><\/figure>\n\n\n\n<figure class=\"wp-block-gallery has-nested-images columns-default is-cropped wp-block-gallery-1 is-layout-flex wp-block-gallery-is-layout-flex\"><\/figure>\n\n\n\n<p>Benim aslan y\u00fcrekli komutan\u0131m\u2026.<\/p>\n\n\n\n<p>Bug\u00fcn g\u00fcnlerden 1 Nisan. \u00c7ocukken ve gen\u00e7ken 1 Nisan geldi mi bir \u00e7ok muziplik yapard\u0131k. Ya\u015f\u0131m\u0131z ilerledi, art\u0131k muziplik yapamasak da eski muzipliklerimizi hat\u0131rlay\u0131p g\u00fcl\u00fcmseyerek ge\u00e7irdi\u011fimiz g\u00fcn oldu 1 Nisan. \u00d6zellikle arkada\u015flar\u0131m\u0131zla bir araya geldi\u011fimizde birbirimize bilmem ka\u00e7 y\u0131l\u0131ndaki 1 Nisan\u2019da yapt\u0131\u011f\u0131m\u0131z muzipli\u011fi, daha do\u011fru ifadeyle h\u0131nz\u0131rl\u0131\u011f\u0131 anlat\u0131r g\u00fclerdik.<\/p>\n\n\n\n<p>Ta ki 2015 y\u0131l\u0131n\u0131n 1 Nisan\u2019\u0131na kadar. \u0130\u015fte o g\u00fcn bizim i\u00e7in bir \u015faka, e\u011flence g\u00fcn\u00fc de\u011fil elem g\u00fcn\u00fc oldu. \u00c7\u00fcnk\u00fc o g\u00fcn bir kahraman\u0131, \u00e7ok sevdi\u011fimiz, \u00e7ok sayd\u0131\u011f\u0131m\u0131z koca y\u00fcrekli bir adam\u0131, Muzaffer Tekin\u2019i kaybettik. Art\u0131k o g\u00fcnden itibaren, en az\u0131ndan 1984 devresi i\u00e7in o g\u00fcn, \u015faka de\u011fil, yas g\u00fcn\u00fcd\u00fcr.<\/p>\n\n\n\n<p>Peki, neden bu kadar sayg\u0131 duyduk Muzaffer Tekin\u2019e? Anlatay\u0131m\u2026<\/p>\n\n\n\n<p>1985 y\u0131l\u0131yd\u0131. Bizler te\u011fmen olarak Tuzla\u2019da bulunan Piyade Okulunda kurs g\u00f6r\u00fcyorduk.<\/p>\n\n\n\n<p>Bir g\u00fcn okulda \u00fcz\u00fcc\u00fc bir olay ya\u015fand\u0131.<\/p>\n\n\n\n<p>Arkada\u015flar\u0131m\u0131n \u00e7o\u011fu bek\u00e2rd\u0131. Bek\u00e2r olanlar, mesai bittikten sonra belirli bir saatte okula d\u00f6nmek \u015fart\u0131yla d\u0131\u015far\u0131 \u00e7\u0131kabiliyorlard\u0131.<\/p>\n\n\n\n<p>Okulda kalan bu arkada\u015flar\u0131m\u0131zdan d\u00f6rd\u00fc, bir g\u00fcn Tuzla\u2019da m\u00fczikli bir lokantaya giderler. Sonras\u0131nda hesap y\u00fcz\u00fcnden \u00e7\u0131kan kavgada, kendilerine sopalarla sald\u0131ran kalabal\u0131k bir grup taraf\u0131ndan feci \u015fekilde d\u00f6v\u00fcl\u00fcrler.<\/p>\n\n\n\n<p>Onlar\u0131 g\u00f6rd\u00fc\u011f\u00fcm\u00fczde y\u00fczleri tan\u0131nmayacak durumdayd\u0131.<\/p>\n\n\n\n<p>O zamanlar b\u00fct\u00fcn yurtta oldu\u011fu gibi, Tuzla\u2019da da s\u0131k\u0131y\u00f6netim vard\u0131. Askerin g\u00f6receli de olsa toplum \u00fczerindeki etkisi hissediliyordu. Buna ra\u011fmen d\u00f6rt te\u011fmene b\u00f6ylesine bir sald\u0131r\u0131n\u0131n rahatl\u0131kla yap\u0131lmas\u0131na anlam verememi\u015ftik.<\/p>\n\n\n\n<p>Dayak yiyenlerden biri jandarma di\u011fer \u00fc\u00e7\u00fc piyade s\u0131n\u0131f\u0131ndand\u0131.<\/p>\n\n\n\n<p>B\u00fct\u00fcn te\u011fmenler olaya \u00e7ok i\u00e7erlemi\u015ftik. G\u00fcnlerce olay\u0131n m\u00fcsebbiplerine bir i\u015flem yap\u0131laca\u011f\u0131 beklentisi i\u00e7inde olundu. Ama bu beklentiler bo\u015fa \u00e7\u0131kt\u0131. Konu ile ilgili hi\u00e7bir i\u015flem yap\u0131lmad\u0131.<\/p>\n\n\n\n<p>Bir gece kalabal\u0131k bir grup, bahse konu lokantaya gitti. \u0130\u00e7eride yine kalabal\u0131k bir grup yemek yemekte ve e\u011flenmekteydi. D\u0131\u015far\u0131dan gelen grup, garsonlar ve korumalarla tart\u0131\u015ft\u0131. Tart\u0131\u015fma sonras\u0131 b\u00fcy\u00fck bir kavga \u00e7\u0131kt\u0131.<\/p>\n\n\n\n<p>Kavga sonunda mek\u00e2nda bulunan pek \u00e7ok ki\u015fi hastanelik oldu. Sadece d\u00f6rt te\u011fmeni d\u00f6ven garsonlar ve korumalar de\u011fil, e\u011flence merkezi de tan\u0131nmayacak h\u00e2le geldi.<\/p>\n\n\n\n<p>Bu olay\u0131 biz te\u011fmenlerin yapt\u0131\u011f\u0131 iddia edilerek sorguya \u00e7ekildik. Sorgu ve ifade alma i\u015flemleri g\u00fcnlerce s\u00fcrd\u00fc.<\/p>\n\n\n\n<p>Sonu\u00e7 mu?<\/p>\n\n\n\n<p>Anlataca\u011f\u0131m\u2026<\/p>\n\n\n\n<p>Muzaffer Tekin Piyade okulunda bir aste\u011fmen b\u00f6l\u00fc\u011f\u00fcn\u00fcn b\u00f6l\u00fck komutan\u0131 olarak g\u00f6rev yap\u0131yordu o zamanlar. R\u00fctbesi y\u00fczba\u015f\u0131yd\u0131.<\/p>\n\n\n\n<p>Ast\u0131, \u00fcst\u00fc herkes ondan kahraman diye bahsediyordu. Sadece astlar\u0131 de\u011fil, \u00fcstleri de kendisine sayg\u0131 duyuyordu. K\u0131br\u0131s sava\u015f\u0131nda yapt\u0131klar\u0131n\u0131 kendisinden de\u011fil, arkada\u015flar\u0131ndan, ders hocalar\u0131m\u0131zdan dinliyor, kendisine i\u00e7ten i\u00e7e hayranl\u0131k duyuyorduk.<\/p>\n\n\n\n<p>Y\u00fcr\u00fcy\u00fc\u015f\u00fcyle, duru\u015fuyla emsallerinden farkl\u0131 bir subayd\u0131 Y\u00fczba\u015f\u0131 Tekin. K\u0131\u015flada pek \u00e7ok b\u00f6l\u00fck vard\u0131 ama en olumsuz hava \u015fartlar\u0131nda bile e\u011fitim yapan bir tek b\u00f6l\u00fck olurdu. O da Muzaffer Tekin\u2019in b\u00f6l\u00fc\u011f\u00fc.<\/p>\n\n\n\n<p>K\u0131br\u0131s sava\u015f\u0131na te\u011fmen olarak kat\u0131lm\u0131\u015f, g\u00f6sterdi\u011fi \u00fcst\u00fcn cesaret ve feragat nedeniyle bu r\u00fctbede alt\u0131n madalyal\u0131 tek subay olarak tarihe ge\u00e7mi\u015fti.<\/p>\n\n\n\n<p>K\u0131br\u0131s\u2019ta cephe taarruzu ile ele ge\u00e7irdi\u011fi tepeye ismini vermi\u015flerdi: \u201dZafer tepe!\u201d<\/p>\n\n\n\n<p>Asker olsun diye yarat\u0131lm\u0131\u015f birisiydi g\u00f6z\u00fcm\u00fczde Muzaffer Tekin. Hepimizin rol modeliydi.<\/p>\n\n\n\n<p>Lokantada kavga oldu\u011fu g\u00fcn, Piyade Okulunun N\u00f6bet\u00e7i Amiri Muzaffer Tekin idi. Olay ile ilgili sorgular sonucu Selimiye\u2019de lokanta sahibi ve \u00e7al\u0131\u015fanlar\u0131n\u0131n kar\u015f\u0131s\u0131na \u00e7\u0131kart\u0131larak y\u00fczle\u015ftirildik. Y\u00fczle\u015ftirmede kimseyi te\u015fhis edemediler. Ama mutlaka bir su\u00e7lu bulunmal\u0131yd\u0131.<\/p>\n\n\n\n<p>Olay i\u00e7 kamuoyunda fazla yank\u0131 bulmam\u0131\u015ft\u0131 ama d\u0131\u015f bas\u0131n olay\u0131 \u00e7arp\u0131tarak vermi\u015f ve d\u0131\u015f kamuoyunda b\u00fcy\u00fck yank\u0131 uyand\u0131rmas\u0131na sebep olmu\u015ftu. Onlar\u0131n derdi ba\u015fkayd\u0131 tabi.<\/p>\n\n\n\n<p>S\u00f6ylenenlere g\u00f6re; yabanc\u0131 bas\u0131n, \u00f6rg\u00fctlerin ter\u00f6r\u00fcn\u00fcn askerlerce engellendi\u011fini, \u015fimdi ise askerlerin mafya usul\u00fc sald\u0131r\u0131lar yaparak hara\u00e7 vermeyenlere kar\u015f\u0131 ter\u00f6r estirdiklerini belirterek, \u201cBu ter\u00f6re kim dur diyecek?\u201d \u015feklinde yay\u0131n yapm\u0131\u015f. Bu t\u00fcr yay\u0131nlardan o zamanki yetkililer \u00e7ok etkilenmi\u015fti h\u00e2liyle. Buna sebep olanlar\u0131 mutlaka cezaland\u0131rmak niyetinde olduklar\u0131 anla\u015f\u0131l\u0131yordu. \u00c7\u00fcnk\u00fc sans\u00fcrleme imk\u00e2n\u0131 bulamad\u0131klar\u0131 Avrupa bas\u0131n\u0131, kendi halk\u0131ndan, kendi bas\u0131n\u0131ndan, kendi ordu mensuplar\u0131ndan ve ger\u00e7eklerden \u00e7ok daha \u00f6nemliydi onlar i\u00e7in. Olay sonras\u0131 okula pe\u015f pe\u015fe komutanlar geldi.<\/p>\n\n\n\n<p>En son d\u00f6nemin Kara Kuvvetleri Komutan\u0131n\u0131n geldi\u011fini hat\u0131rl\u0131yorum. Her gelen gerginlik yarat\u0131yor, ba\u011f\u0131r\u0131p \u00e7a\u011f\u0131r\u0131p gidiyordu. Amac\u0131n \u201cba\u011fc\u0131y\u0131 d\u00f6vmek\u201d oldu\u011funu anlayacak ya\u015ftayd\u0131k.<\/p>\n\n\n\n<p>Sonu\u00e7ta dayak yiyen d\u00f6rt arkada\u015f\u0131m\u0131z (dayak yedikleri i\u00e7in olsa gerek) ile Muzaffer Tekin\u2019in, haks\u0131z ve hukuksuz bir \u015fekilde TSK ile ili\u015fi\u011fini kestiler. Kursu 4 ay \u00f6ncesinden sonland\u0131rarak bizi de s\u00fcrg\u00fcn ettiler.<\/p>\n\n\n\n<p>Muzaffer Tekin, n\u00f6bet\u00e7i amiri olarak b\u00fct\u00fcn sorumlulu\u011fu \u00fczerine alm\u0131\u015f, herhangi bir arkada\u015f\u0131m\u0131za zarar gelmemesi i\u00e7in kendi gelece\u011fini hi\u00e7e sayan asil bir duru\u015f sergilemi\u015fti. Bu asil duru\u015fun kar\u015f\u0131l\u0131\u011f\u0131, TSK\u2019den at\u0131lmak olmu\u015ftu.<\/p>\n\n\n\n<p>Ama o bu davran\u0131\u015f\u0131 ile orada bulunan 1984 mezunu te\u011fmenlerin g\u00f6nl\u00fcndeki ebedi yerini ald\u0131\u2026<\/p>\n\n\n\n<p>Ben de pek \u00e7ok arkada\u015f\u0131m gibi o tarihten itibaren onunla hi\u00e7 ili\u015fkimi kesmedim. \u00c7o\u011funlu\u011fu telefonla olmak \u00fczere hep g\u00f6r\u00fc\u015fmemiz devam etti. Bir kere olsun ordudan at\u0131ld\u0131\u011f\u0131 i\u00e7in hay\u0131fland\u0131\u011f\u0131n\u0131 duymad\u0131m.<\/p>\n\n\n\n<p>Hakketmedi\u011fim h\u00e2lde bana b\u00fct\u00fcn sevecenli\u011fiyle s\u00f6yledi\u011fi \u201cAslan y\u00fcrekli karde\u015fim benim\u201d hitab\u0131, beni hep daha iyi olmaya zorlam\u0131\u015ft\u0131r.<\/p>\n\n\n\n<p>Muzaffer Y\u00fczba\u015f\u0131ya mahcup olmak \u00f6l\u00fcmden daha beterdi bizler i\u00e7in\u2026<\/p>\n\n\n\n<p>Benim i\u00e7in o, f\u0131rt\u0131nal\u0131 havada deniz feneri gibiydi. Zor olaylar kar\u015f\u0131s\u0131nda onun cesareti, duru\u015fu, e\u011filmezli\u011fi, astlar\u0131na sahip \u00e7\u0131k\u0131\u015f\u0131, \u00f6zverisi benim i\u00e7in hep yol g\u00f6sterici oldu. Onun sayesinde ger\u00e7ek silah arkada\u015fl\u0131\u011f\u0131n\u0131n, askerli\u011fin ne demek oldu\u011funu peki\u015ftirdik.<\/p>\n\n\n\n<p>Onun yoluma tuttu\u011fu \u0131\u015f\u0131k o kadar g\u00fc\u00e7l\u00fc idi ki hi\u00e7 yoldan \u00e7\u0131kmad\u0131m. Hi\u00e7 boyun e\u011fmedim. Askerlik yeminine ve silah arkada\u015flar\u0131ma ihanet etmedim.<\/p>\n\n\n\n<p>Hep ondan ald\u0131\u011f\u0131m feyz ile korkuya meydan okudum, \u00e7o\u011fu arkada\u015f\u0131m gibi\u2026 O, insana, duru\u015fuyla bunlar\u0131 a\u015f\u0131lard\u0131\u2026<\/p>\n\n\n\n<p>Yirmi alt\u0131 y\u0131l sonra Muzaffer Tekin, \u201cErgenekon\u201d isimli kumpas davas\u0131ndan, iftiralarla, yine haks\u0131z hukuksuz bi\u00e7imde bu sefer cezaevine t\u0131k\u0131lacakt\u0131.<\/p>\n\n\n\n<p>Ben de benzer \u015fekilde haks\u0131z hukuksuz bir \u015fekilde, \u201cBalyoz\u201d davas\u0131ndan tutuklanacakt\u0131m. Muzaffer Y\u00fczba\u015f\u0131 ile yolumuz tam 26 y\u0131l sonra yine zorlu bir s\u00fcre\u00e7te cezaevinde kesi\u015fmi\u015fti.<\/p>\n\n\n\n<p>Muzaffer Tekin cezaevindeyken, d\u00fczenlenen bir kanunla beraber haklar\u0131 iade edilecek, kendisine emekli ayl\u0131\u011f\u0131 ba\u011flanacak ve emekli Albay kimli\u011fi verilecekti. O da bana bu kimli\u011fin renkli fotokopisini g\u00f6ndererek, sevincini payla\u015fmam\u0131 sa\u011flayacakt\u0131.<\/p>\n\n\n\n<p>Muzaffer Tekin uzun s\u00fcre (5 y\u0131ldan fazla) cezaevinde kald\u0131. Bu s\u00fcre\u00e7te kanser illeti yakas\u0131na yap\u0131\u015ft\u0131. Hastal\u0131\u011f\u0131, cezaevinde b\u0131rak\u0131n tedaviyi, do\u011fru d\u00fcr\u00fcst te\u015fhis bile edilmedi. Kanserin en k\u00f6t\u00fc olanlar\u0131ndand\u0131 onunkisi; pankreas\u0131ndan vurulmu\u015ftu.<\/p>\n\n\n\n<p>Te\u015fhis edildi\u011finde hastal\u0131\u011f\u0131n son evresine gelmi\u015fti. \u015eimdi biri firar di\u011ferleri cezaevinde yatmakta olan Fetullah\u00e7\u0131 \u00e7ete \u00fcyesi s\u00f6zde h\u00e2kimlerce 2 kez a\u011f\u0131rla\u015ft\u0131r\u0131lm\u0131\u015f m\u00fcebbet ve 117 y\u0131l hapis cezas\u0131na \u00e7arpt\u0131r\u0131lm\u0131\u015ft\u0131. Bu arada hastal\u0131\u011f\u0131 iyice depre\u015fti. Cezaevinde \u00f6lmesin diye, takvim yapraklar\u0131 10 Mart 2014\u2019\u00fc g\u00f6sterirken apar topar tahliye ettiler onu.<\/p>\n\n\n\n<p>Kahramanlar\u0131n\u0131n b\u00f6ylesine hakarete u\u011framas\u0131na, a\u015fa\u011f\u0131lanmas\u0131na g\u00f6z yuman bir devlet ya\u015fayabilir mi? Bir milletin kahramanlar\u0131na b\u00f6ylesine pervas\u0131zca sald\u0131ran s\u0131rtlan s\u00fcr\u00fcs\u00fcne m\u00fcsaade edilir mi?<\/p>\n\n\n\n<p>Neyse\u2026<\/p>\n\n\n\n<p>\u00c7ok k\u0131sa \u00f6mr\u00fc var denmesine ra\u011fmen inatla bir y\u0131ldan biraz daha fazla ya\u015fad\u0131. Nihayet 1 Nisan 2015\u2019te aziz ruhunu teslim etti ve Hakk\u2019a y\u00fcr\u00fcd\u00fc.<\/p>\n\n\n\n<p>Onun arkas\u0131ndan sosyal medyada \u015f\u00f6yle yazm\u0131\u015ft\u0131m g\u00f6zya\u015flar\u0131m\u0131 tutamayarak;<\/p>\n\n\n\n<p>\u201c<em>Biz onun te\u011fmenleriydik. O, 1984\u2019te, bizi koruma ad\u0131na, TSK\u2019da at\u0131ld\u0131. Te\u011fmen iken alt\u0131n madalya sahibi tek subayd\u0131. K\u0131br\u0131s sava\u015f\u0131ndaki ba\u015far\u0131lar\u0131 dilden dile anlat\u0131lan ve orada bir tepeye ismini veren, a\u011fz\u0131m\u0131 doldura doldura \u2018komutan\u0131m\u2019 dedi\u011fim adam, \u2018hayattan beraat etti.\u2019&nbsp;<\/em><\/p>\n\n\n\n<p><em>Kumpas\u00e7\u0131lar\u0131n\u0131n sonunu g\u00f6remeden\u2026Ah komutan\u0131m, o \u2018Aslan y\u00fcrekli karde\u015fim benim\u2019 demeni hep hat\u0131rlayaca\u011f\u0131m.&nbsp;&nbsp;<\/em><\/p>\n\n\n\n<p><em>Ve yemin ediyorum, g\u00f6rd\u00fc\u011f\u00fcm en y\u00fcrekli adam\u0131n bu s\u00f6zlerini bundan \u00f6nce nas\u0131l bo\u015fa \u00e7\u0131karmad\u0131ysam, bundan sonra da bo\u015fa \u00e7\u0131karmayaca\u011f\u0131m\u2026&nbsp;<\/em><\/p>\n\n\n\n<p><em>Ve o g\u00fcn geldi\u011finde yani sana kumpas kuranlardan hesap sordu\u011fumuzda gelip mezar ta\u015f\u0131n\u0131 \u00f6pece\u011fim\u2026&nbsp;<\/em><\/p>\n\n\n\n<p><em>Biliyorum ki sen de oradan b\u00fct\u00fcn sevecenli\u011fiyle \u2018Aslan y\u00fcrekli karde\u015fim benim\u2019 diye sesleneceksin bana\u2026&nbsp;<\/em><\/p>\n\n\n\n<p><em>Benim \u00f6rnek almaya \u00e7al\u0131\u015ft\u0131\u011f\u0131m aslan y\u00fcrekli komutan\u0131m, oradaki g\u00fczel insanlara selam s\u00f6yle olur mu?&nbsp;<\/em><\/p>\n\n\n\n<p><em>Yaradan bize de senin gibi onurla bitirilen bir hayat versin! Sayg\u0131, minnet ve dua ile aslan komutan\u0131m\u2026\u201d&nbsp;<\/em><\/p>\n\n\n\n<ul class=\"wp-block-list\">\n<li><\/li>\n<\/ul>\n","protected":false},"excerpt":{"rendered":"<p>Mustafa \u00d6nsel&#8217;in, Muzaffer Tekin&#8217;in \u00f6l\u00fcm y\u0131l d\u00f6n\u00fcm\u00fcnde yazd\u0131\u011f\u0131 yaz\u0131y\u0131 okuyucular\u0131m\u0131zla payla\u015f\u0131yoruz. Benim aslan y\u00fcrekli komutan\u0131m\u2026. Bug\u00fcn g\u00fcnlerden 1 Nisan. \u00c7ocukken ve gen\u00e7ken 1 Nisan geldi mi bir \u00e7ok muziplik yapard\u0131k. Ya\u015f\u0131m\u0131z ilerledi, art\u0131k muziplik yapamasak da eski muzipliklerimizi hat\u0131rlay\u0131p g\u00fcl\u00fcmseyerek ge\u00e7irdi\u011fimiz g\u00fcn oldu 1 Nisan. \u00d6zellikle arkada\u015flar\u0131m\u0131zla bir araya geldi\u011fimizde birbirimize bilmem ka\u00e7 y\u0131l\u0131ndaki 1 [&hellip;]<\/p>\n","protected":false},"author":1,"featured_media":0,"comment_status":"open","ping_status":"open","sticky":false,"template":"","format":"standard","meta":{"ngg_post_thumbnail":0,"footnotes":""},"categories":[1],"tags":[],"class_list":["post-3432","post","type-post","status-publish","format-standard","hentry","category-genel"],"aioseo_notices":[],"_links":{"self":[{"href":"https:\/\/www.muzaffertekin.com.tr\/index.php?rest_route=\/wp\/v2\/posts\/3432","targetHints":{"allow":["GET"]}}],"collection":[{"href":"https:\/\/www.muzaffertekin.com.tr\/index.php?rest_route=\/wp\/v2\/posts"}],"about":[{"href":"https:\/\/www.muzaffertekin.com.tr\/index.php?rest_route=\/wp\/v2\/types\/post"}],"author":[{"embeddable":true,"href":"https:\/\/www.muzaffertekin.com.tr\/index.php?rest_route=\/wp\/v2\/users\/1"}],"replies":[{"embeddable":true,"href":"https:\/\/www.muzaffertekin.com.tr\/index.php?rest_route=%2Fwp%2Fv2%2Fcomments&post=3432"}],"version-history":[{"count":1,"href":"https:\/\/www.muzaffertekin.com.tr\/index.php?rest_route=\/wp\/v2\/posts\/3432\/revisions"}],"predecessor-version":[{"id":3433,"href":"https:\/\/www.muzaffertekin.com.tr\/index.php?rest_route=\/wp\/v2\/posts\/3432\/revisions\/3433"}],"wp:attachment":[{"href":"https:\/\/www.muzaffertekin.com.tr\/index.php?rest_route=%2Fwp%2Fv2%2Fmedia&parent=3432"}],"wp:term":[{"taxonomy":"category","embeddable":true,"href":"https:\/\/www.muzaffertekin.com.tr\/index.php?rest_route=%2Fwp%2Fv2%2Fcategories&post=3432"},{"taxonomy":"post_tag","embeddable":true,"href":"https:\/\/www.muzaffertekin.com.tr\/index.php?rest_route=%2Fwp%2Fv2%2Ftags&post=3432"}],"curies":[{"name":"wp","href":"https:\/\/api.w.org\/{rel}","templated":true}]}}