{"id":3419,"date":"2025-07-07T19:04:40","date_gmt":"2025-07-07T16:04:40","guid":{"rendered":"https:\/\/www.muzaffertekin.com.tr\/?p=3419"},"modified":"2025-07-07T19:04:48","modified_gmt":"2025-07-07T16:04:48","slug":"tegmen-ercan-baydogan-sessizligini-40-sene-sonra-bozdu","status":"publish","type":"post","link":"https:\/\/www.muzaffertekin.com.tr\/?p=3419","title":{"rendered":"Te\u011fmen Ercan Baydo\u011fan sessizli\u011fini 40 sene sonra bozdu!"},"content":{"rendered":"\n<div class=\"wp-block-group\"><div class=\"wp-block-group__inner-container is-layout-constrained wp-block-group-is-layout-constrained\">\n<figure class=\"wp-block-image size-full\"><img loading=\"lazy\" decoding=\"async\" width=\"242\" height=\"400\" src=\"https:\/\/www.muzaffertekin.com.tr\/wp-content\/uploads\/2025\/07\/Tegmenler1.jpeg\" alt=\"\" class=\"wp-image-3427\" srcset=\"https:\/\/www.muzaffertekin.com.tr\/wp-content\/uploads\/2025\/07\/Tegmenler1.jpeg 242w, https:\/\/www.muzaffertekin.com.tr\/wp-content\/uploads\/2025\/07\/Tegmenler1-182x300.jpeg 182w\" sizes=\"auto, (max-width: 242px) 100vw, 242px\" \/><\/figure>\n<\/div><\/div>\n\n\n\n<p><em><strong>Muzaffer Tekin ve d\u00f6rt te\u011fmenin  TSK dan ay\u0131r\u0131l\u0131\u015f\u0131n\u0131n i\u00e7 y\u00fcz\u00fc&#8230;<\/strong><\/em><\/p>\n\n\n\n<p>Gazeteci Ersin Ero\u011flu yeni \u00e7\u0131kan kitab\u0131 &#8220;Te\u011fmenler &amp; Yeni TSK\u2019 n\u0131n \u015eifreleri&#8221; ile TSK da ya\u015fanan olaylara, soru\u015fturma dosyalar\u0131 ve tan\u0131k anlat\u0131mlar\u0131yla \u0131\u015f\u0131k tutuyor. <\/p>\n\n\n\n<p>Gazeteci Mine K\u0131r\u0131kkanat&#8217;\u0131n &#8220;<em>Cumhuriyet\u00e7i askerlerin kar\u015f\u0131devrimin yobaz askerleri taraf\u0131ndan ordudan tasfiyesinin makus tarih\u00e7esi<\/em>&#8221; olarak nitelendirdi\u011fi kitapta yer alan en ilgin\u00e7 b\u00f6l\u00fcm de ise Tuzla Piyade Okulu\u2019ndan 40 y\u0131l \u00f6nce ihra\u00e7 edilen te\u011fmen Ercan Baydo\u011fan&#8217;\u0131n, TSK n\u0131n ba\u011fr\u0131na bir han\u00e7er gibi saplanan dramatik olay hakk\u0131nda a\u015fa\u011f\u0131da ki ifadeleri bulunmaktad\u0131r.<\/p>\n\n\n\n<p> \u201cTarih 18 Mart 1985\u2019ti. Kartal sahilinde pazar g\u00fcn\u00fc 4 te\u011fmen ve bir sivil arkada\u015f geziyorduk. Hava mevsim normallerinin \u00e7ok \u00fcst\u00fcnde s\u0131cakt\u0131. Arkada\u015flardan biri, \u2018Bir \u015feyler i\u00e7sek g\u00fczel gider\u2019 dedi. Hepimiz, \u2018\u0130yi, g\u00fczel olur\u2019 diye onaylad\u0131k. Sivil arkada\u015f, Piyade Okulunun hemen kar\u015f\u0131s\u0131nda bir kafeterya i\u015fletiyordu. Bazen gider, okulda olmayan \u015feyleri yapt\u0131r\u0131r yerdik. Sucuklu yumurta, menemen gibi \u015feyler. Oradan tan\u0131r\u0131z. Bizden birka\u00e7 ya\u015f b\u00fcy\u00fckt\u00fc ve zamanla samimi olmu\u015ftuk. O, \u2018Ben bir yer biliyorum, ak\u015fam oraya gideriz\u2019 deyince \u2018Olur\u2019 dedik. Ak\u015fam, 5 ki\u015fi gittik, birer bira i\u00e7tik. Bir arkada\u015f\u0131m\u0131z fazladan bir duble rak\u0131 i\u00e7ti. Hesap istedik, hesap geldi 12 bin lira. O d\u00f6nem i\u00e7in astronomik de\u011ferlerin bile \u00e7ok \u00fcst\u00fcnde. Hayat\u0131m boyunca bir biran\u0131n, bir paket sigaraya denk geldi\u011fini g\u00f6zlemledim. \u015eimdi bir paket sigara 70-100 ise, bir bira da o kadar. O g\u00fcnlerde bir paket sigara 10 lirayd\u0131.<br \/>Marketten de bir biray\u0131 10 liraya al\u0131rd\u0131k. 5 bira 50, bir duble rak\u0131 da 20 diyelim, eder 70 lira. Oras\u0131, bir restoran-gazino oldu\u011fu i\u00e7in 5 kat\u0131 350, 10 kat\u0131 700 lira yapar.\u201d Ercan Baydo\u011fan ve devreleri hesab\u0131 g\u00f6r\u00fcnce \u015fa\u015f\u0131rm\u0131\u015f ve d\u00fczeltilmesini istemi\u015fti. Baydo\u011fan anlat\u0131yor: \u201cD\u00fczelttiler, 8 bin 500 lira yapt\u0131lar. \u2018Bu yine fazla\u2019 dedik. Garson gitti, bir s\u00fcre sonra bir ba\u015fkas\u0131 geldi. Giyim ve g\u00f6r\u00fcnt\u00fcm\u00fcz\u00fc de\u011ferlendirerek, \u2018Sizler Piyade Okulundan te\u011fmenlersiniz, de\u011fil mi\u2019 dedi. \u2018Evet\u2019 dedik. \u2018Hesap \u00f6nemli de\u011fil, \u015fimdi buras\u0131 kalabal\u0131k, yar\u0131n sizden birisi gelir, konu\u015fur hallederiz\u2019 dedi. D\u0131\u015far\u0131 \u00e7\u0131kt\u0131k, sivil arkada\u015f\u0131n minib\u00fcs\u00fc vard\u0131, onunla gelmi\u015ftik, ona do\u011fru y\u00fcr\u00fcd\u00fck. Biz minib\u00fcse bindik ve yakla\u015f\u0131k 20 garsonun ellerinde kazma sap\u0131 sopalarla ko\u015farak geldiklerini g\u00f6rd\u00fck, minib\u00fcs \u00e7al\u0131\u015fmad\u0131. \u00d6nce minib\u00fcs\u00fc sonra bizi bir g\u00fczel ezdiler. Ceplerimizdeki b\u00fct\u00fcn paralar\u0131 ald\u0131lar. D\u00fc\u015f\u00fcn\u00fcn ki, o zamanlar kredi kart\u0131 olmad\u0131\u011f\u0131ndan, sahip oldu\u011fumuz paralar devaml\u0131 cebimizdeydi. Dayaktan sonra minib\u00fcs \u00e7al\u0131\u015ft\u0131. \u00d6nce polise, sonra merkez komutanl\u0131\u011f\u0131na gittik. Darp raporu ald\u0131k, ertesi g\u00fcn su\u00e7\u00fcst\u00fc mahkemesi oldu.<\/p>\n\n\n\n<p>\u00c7anta dolusu para teklif ettiler mahkemeden vazge\u00e7memiz i\u00e7in. Kabul etmedik. Minib\u00fcs\u00fcn de yenisini teklif ettiler. Mahkemeden \u00f6nce zaman\u0131n 1. Ordu Komutan\u0131 \u00e7a\u011f\u0131rm\u0131\u015f, Merkez Komutan\u0131 oraya g\u00f6t\u00fcrd\u00fc. \u2018\u00c7ok iyi olmu\u015f\u2019 dedi\u011finde \u00e7ok \u015fa\u015f\u0131rd\u0131k. \u2018Ben oray\u0131 kapatam\u0131yordum. Orada uyu\u015fturucu, kad\u0131n sat\u0131c\u0131l\u0131\u011f\u0131 ve her t\u00fcrl\u00fc pislik var. \u015eimdi bahanem var. Kapat\u0131r\u0131m\u2019 diye ekledi. \u00d6nceki \u015fa\u015fk\u0131nl\u0131\u011f\u0131m\u0131z ge\u00e7erken, o zamanlar \u0130stanbul\u2019un en yetkin ki\u015fisinin, bunu neden yapamad\u0131\u011f\u0131na \u015fa\u015f\u0131rm\u0131\u015ft\u0131k.\u201d Mahkemeden sonra te\u011fmenler okula d\u00f6nd\u00fc. Kap\u0131da te\u011fmenlere \u201cN\u00f6bet\u00e7i komutan sizi bekliyor\u201d denildi. Ercan Baydo\u011fan, <strong>Muzaffer Tekin<\/strong> ile kar\u015f\u0131la\u015ft\u0131\u011f\u0131 o anlar\u0131 anlat\u0131yor: \u201c<strong>Muzaffer Tekin<\/strong>\u2019i o ana kadar yak\u0131ndan g\u00f6rmemi\u015ftim. <strong>Muzaffer Tekin<\/strong> daha o ya\u015fta bir efsaneydi. Y\u00fczlerce y\u0131l \u00f6nce ya\u015fam\u0131\u015f bir kahraman gibi anlat\u0131l\u0131rd\u0131. Onu \u00f6\u011frencilerine ve astlar\u0131na sordu\u011fum olmu\u015ftu. Asker ve insan \u00f6tesi bir imaj uyand\u0131r\u0131yordu. K\u0131br\u0131s gazisi ve alt\u0131n madalyal\u0131 bir subayd\u0131. Sabah 06:00\u2019da \u00f6\u011frenciler uyanmadan b\u00f6l\u00fc\u011f\u00fcne gider, ak\u015fam da \u00f6\u011frenciler yatt\u0131ktan sonra evine giderdi. Maa\u015f\u0131n\u0131n b\u00fcy\u00fck bir b\u00f6l\u00fcm\u00fcn\u00fc de TSK\u2019y\u0131 G\u00fc\u00e7lendirme Vakf\u0131\u2019na ba\u011f\u0131\u015flad\u0131\u011f\u0131na dair s\u00f6ylentiler vard\u0131. \u00c7ok sayg\u0131 duyar, kar\u015f\u0131la\u015ft\u0131\u011f\u0131m\u0131zda da bunu olmas\u0131 gerekenden daha iyi g\u00f6stermeye \u00e7al\u0131\u015f\u0131rd\u0131k. \u2018Anlat\u0131n bakal\u0131m, nas\u0131l oldu?\u2019 dedi.<\/p>\n\n\n\n<p>Anlatt\u0131k, muhtemelen her \u015feyi biliyordu da, eksikleri tamamlamak i\u00e7in anlatt\u0131rm\u0131\u015ft\u0131. Ak\u015fam olmu\u015ftu ve et\u00fct saatiydi. \u2018Et\u00fcte kat\u0131lmay\u0131n, gidin yat\u0131n\u2019 dedi. Ko\u011fu\u015flara gittik ve yatt\u0131k. Gece saat 04:00 civar\u0131yd\u0131, bir asker geldi uyand\u0131rd\u0131: \u2019Alay Komutan\u0131 sizi \u00e7a\u011f\u0131r\u0131yor.\u2019 Baydo\u011fan konu\u015fuyor: \u201cBiz d\u00f6rt arkada\u015f o gece ne olup bitti\u011fini alay komutan\u0131ndan \u00f6\u011frendik. Gece et\u00fctten sonra toplan\u0131lm\u0131\u015f, gruplar halinde lokantaya girilmi\u015f, daha sonra bir mazeret ile olaylar ba\u015flam\u0131\u015f. K\u0131r\u0131lmad\u0131k, d\u00f6k\u00fclmedik yer kalmam\u0131\u015f. Bunun ad\u0131 toplum psikolojisi. D\u00fcnyan\u0131n her taraf\u0131nda zaman zaman olan \u015feyler. 350-700 liral\u0131k hesab\u0131 d\u00f6rt te\u011fmenden 12 bin lira olarak isteyeceksin, sonra da onlar\u0131 \u00f6ld\u00fcresiye d\u00f6veceksin. Senelerce baz\u0131 \u015feyleri \u00e7\u00f6zemedik.<\/p>\n\n\n\n<p>Sosyal medya yok, sadece yine cesaretli ve ara\u015ft\u0131rmac\u0131 gazeteciler var. Bilgi ak\u0131\u015f\u0131 da hemen olmad\u0131\u011f\u0131 i\u00e7in, baz\u0131 \u015feyleri seneler sonra anlayabildik. O g\u00fcnlerdeki tek s\u00f6ylenti, sahibinin Necdet \u00dcru\u011f\u2019un emekli astsubay\u0131 oldu\u011fu ve direkt onu aray\u0131p, \u2018Te\u011fmenler Tuzla\u2019y\u0131 yak\u0131p y\u0131k\u0131yor, yeti\u015fin\u2019 diye telefon a\u00e7t\u0131\u011f\u0131 ve Genelkurmay Ba\u015fkan\u0131 Necdet \u00dcru\u011f\u2019un da olaya direkt el koydu\u011fu.<\/p>\n\n\n\n<p>Sonraki senelerde, Necdet \u00dcru\u011f\u2019un oran\u0131n orta\u011f\u0131 oldu\u011fu ve di\u011fer \u015fahs\u0131n da onun kasas\u0131 oldu\u011funu \u00f6\u011freniyoruz. Bu da 1. Ordu Komutan\u0131n\u0131n \u2018Ben oray\u0131 kapatam\u0131yordum\u2019 s\u00f6ylemini do\u011fruluyor. Kurslar\u0131 hemen kesip bir savc\u0131 albay g\u00f6nderdiler. Adam usanmadan \u00fc\u015fenmeden 400 te\u011fmenin ifadesini 3-4 sefer ald\u0131. O geceki n\u00f6bet\u00e7iler, devriyeler herkes. Arkada\u015flar\u0131n ifadesi ayn\u0131: \u2018O saatte uyuyordum, gitmedim, g\u00f6rmedim.\u2019 Daha sonra tekliflerle geldiler. 250 milyon zarar var, gelin kabul edin, bunu maa\u015flar\u0131n\u0131zdan keselim. Art\u0131k ka\u00e7 sene s\u00fcrecekse\u2026 Kimse kabul etmedi. Savc\u0131 soru\u015fturmalardan istedi\u011fi sonucu alamad\u0131. O zaman bir kule n\u00f6bet\u00e7isinin sadece \u2018Te\u011fmenler \u015fu saatte \u00e7\u0131kt\u0131, \u015fu saatte geri d\u00f6nd\u00fcler\u2019 \u015feklinde bir ifade verdi\u011fi s\u00f6ylendi.<\/p>\n\n\n\n<p>Necdet \u00dcru\u011f i\u015fin i\u00e7inde olmasa, <strong>Muzaffer Tekin<\/strong> gece yoklamas\u0131n\u0131 tam vererek, \u2018Te\u011fmenler okuldan \u00e7\u0131kmad\u0131\u2019 diyerek, konuyu kapatm\u0131\u015ft\u0131. Soru\u015fturma istedikleri gibi olmay\u0131nca 400 ki\u015fiyi Selimiye K\u0131\u015flas\u0131\u2019n\u0131n uzun koridorlar\u0131na dizerek, garsonlardan te\u015fhis yapmalar\u0131n\u0131 istediler. Albay Savc\u0131 gitmi\u015f, yerine bir Y\u00fczba\u015f\u0131 Savc\u0131 gelmi\u015fti. Y\u00fczba\u015f\u0131, te\u015fhisten \u00f6nceki konu\u015fmay\u0131 tam \u00f6n\u00fcmde yapt\u0131: \u2018Bu te\u011fmenler aras\u0131nda o g\u00fcn hastanede yatanlar var, hava de\u011fi\u015fiminde olanlar var, evli olup evinde olanlar var. Yanl\u0131\u015f ki\u015fiyi \u00e7\u0131kar\u0131rsan\u0131z, sizin i\u00e7in \u00e7ok k\u00f6t\u00fc olur\u2019 dedi. 5-6 ki\u015fiyi \u00e7\u0131karabildiler. O ki\u015filer daha sonra biz 4 te\u011fmen ve Muzaffer Tekin seneler s\u00fcren yarg\u0131lamaya maruz kald\u0131k. Selimiye\u2019den sonra kursu k\u0131saltt\u0131lar, kura \u00e7ektirdiler, tayinler yap\u0131ld\u0131.<\/p>\n\n\n\n<p>Jandarmalar\u0131n tamam\u0131n\u0131 Do\u011fu ve G\u00fcneydo\u011fu Anadolu\u2019ya g\u00f6nderdiler. Bu olaylar sadece bizi de\u011fil, 1984 devresinin tamam\u0131n\u0131 etkiledi. K\u0131talarda komutanlar devrelerimin tamam\u0131na \u00f6nyarg\u0131l\u0131 yakla\u015ft\u0131 ve eziyet etti. Ancak onlar kendilerini ispat edip, 84 devresinin \u00e7ok ayr\u0131 ve m\u00fckemmel bir devre oldu\u011funu ispat ettiler.\u201d S\u0131n\u0131f okullar\u0131ndaki te\u011fmenlerin da\u011f\u0131t\u0131m\u0131 yap\u0131ld\u0131. B\u00fcy\u00fck \u00e7o\u011funlu\u011fu s\u0131n\u0131r hatt\u0131na g\u00f6nderildi. Ercan Baydo\u011fan\u2019\u0131n g\u00f6rev yeri de Hakk\u00e2ri Uludere\u2019ydi. Hakk\u00e2ri\u2019de g\u00f6revinin ikinci ay\u0131ndayken alay komutan\u0131 taraf\u0131ndan \u00e7a\u011fr\u0131lan Ercan Baydo\u011fan, Y\u00fcksek Askeri \u015e\u00fbra\u2019da sicilen emekli edildi\u011fi haberini ald\u0131. TSK\u2019dan at\u0131ld\u0131ktan sonra memleketi Malatya\u2019ya d\u00f6nen Baydo\u011fan, ticarete at\u0131ld\u0131. Annesi \u00e7ok \u00fcz\u00fcld\u00fc, senelerce kanserle m\u00fccadele etti. Y\u0131llar ge\u00e7se de \u201cBiliyorum, geri d\u00f6neceksin\u201d diyordu. 2004\u2019te annesini kaybetti. 2008\u2019de eline bir mektup ge\u00e7ti. Mektup zaman\u0131n Ba\u015fbakan\u0131 Demirel\u2019den gelmi\u015fti. Annesi Demirel\u2019e mektup yazm\u0131\u015f, Demirel de Ba\u015fbakan oldu\u011fu d\u00f6nemde \u201cEmine Han\u0131m, mevcut Anayasa ve yasalar elvermedi\u011fi i\u00e7in o\u011flunuzun g\u00f6reve iade \u015fans\u0131 yoktur\u201d demi\u015fti. Baydo\u011fan babas\u0131na sordu\u011funda \u201dHer Ba\u015fbakana, her Cumhurba\u015fkan\u0131na ve her Genelkurmay Ba\u015fkan\u0131na annesinin mektup yazd\u0131\u011f\u0131n\u0131\u201d s\u00f6yledi. Baydo\u011fan \u00f6nce bakkal, ard\u0131ndan k\u0131rtasiye a\u00e7t\u0131. Bir d\u00f6nem Ankara\u2019da \u0130ngilizce dersleri verdi.<\/p>\n\n\n\n<p><\/p>\n\n\n\n<p>Kaynak: https:\/\/www.tele1.com.tr\/tegmen-ercan-baydogan-sessizligini-40-sene-sonra-bozdu\/amp<\/p>\n\n\n\n<p><\/p>\n\n\n\n<p><\/p>\n","protected":false},"excerpt":{"rendered":"<p>Muzaffer Tekin ve d\u00f6rt te\u011fmenin TSK dan ay\u0131r\u0131l\u0131\u015f\u0131n\u0131n i\u00e7 y\u00fcz\u00fc&#8230; Gazeteci Ersin Ero\u011flu yeni \u00e7\u0131kan kitab\u0131 &#8220;Te\u011fmenler &amp; Yeni TSK\u2019 n\u0131n \u015eifreleri&#8221; ile TSK da ya\u015fanan olaylara, soru\u015fturma dosyalar\u0131 ve tan\u0131k anlat\u0131mlar\u0131yla \u0131\u015f\u0131k tutuyor. Gazeteci Mine K\u0131r\u0131kkanat&#8217;\u0131n &#8220;Cumhuriyet\u00e7i askerlerin kar\u015f\u0131devrimin yobaz askerleri taraf\u0131ndan ordudan tasfiyesinin makus tarih\u00e7esi&#8221; olarak nitelendirdi\u011fi kitapta yer alan en ilgin\u00e7 b\u00f6l\u00fcm [&hellip;]<\/p>\n","protected":false},"author":1,"featured_media":0,"comment_status":"open","ping_status":"open","sticky":false,"template":"","format":"standard","meta":{"ngg_post_thumbnail":0,"footnotes":""},"categories":[1],"tags":[],"class_list":["post-3419","post","type-post","status-publish","format-standard","hentry","category-genel"],"aioseo_notices":[],"_links":{"self":[{"href":"https:\/\/www.muzaffertekin.com.tr\/index.php?rest_route=\/wp\/v2\/posts\/3419","targetHints":{"allow":["GET"]}}],"collection":[{"href":"https:\/\/www.muzaffertekin.com.tr\/index.php?rest_route=\/wp\/v2\/posts"}],"about":[{"href":"https:\/\/www.muzaffertekin.com.tr\/index.php?rest_route=\/wp\/v2\/types\/post"}],"author":[{"embeddable":true,"href":"https:\/\/www.muzaffertekin.com.tr\/index.php?rest_route=\/wp\/v2\/users\/1"}],"replies":[{"embeddable":true,"href":"https:\/\/www.muzaffertekin.com.tr\/index.php?rest_route=%2Fwp%2Fv2%2Fcomments&post=3419"}],"version-history":[{"count":8,"href":"https:\/\/www.muzaffertekin.com.tr\/index.php?rest_route=\/wp\/v2\/posts\/3419\/revisions"}],"predecessor-version":[{"id":3430,"href":"https:\/\/www.muzaffertekin.com.tr\/index.php?rest_route=\/wp\/v2\/posts\/3419\/revisions\/3430"}],"wp:attachment":[{"href":"https:\/\/www.muzaffertekin.com.tr\/index.php?rest_route=%2Fwp%2Fv2%2Fmedia&parent=3419"}],"wp:term":[{"taxonomy":"category","embeddable":true,"href":"https:\/\/www.muzaffertekin.com.tr\/index.php?rest_route=%2Fwp%2Fv2%2Fcategories&post=3419"},{"taxonomy":"post_tag","embeddable":true,"href":"https:\/\/www.muzaffertekin.com.tr\/index.php?rest_route=%2Fwp%2Fv2%2Ftags&post=3419"}],"curies":[{"name":"wp","href":"https:\/\/api.w.org\/{rel}","templated":true}]}}