{"id":3375,"date":"2021-03-31T20:59:48","date_gmt":"2021-03-31T17:59:48","guid":{"rendered":"https:\/\/www.muzaffertekin.com.tr\/?p=3375"},"modified":"2021-03-31T20:59:51","modified_gmt":"2021-03-31T17:59:51","slug":"iktidar-destegi-ve-cemaat-marifetiyle-kurulan-ergenekon-tertibi-sonucu-7-yil-boyunca-tutuldugu-silivri-cezaevinde-kansere-yenik-duserek-aramizdan-ayrilan-muzaffer-tekini-vefatinin-6-yilinda-has","status":"publish","type":"post","link":"https:\/\/www.muzaffertekin.com.tr\/?p=3375","title":{"rendered":"\u0130ktidar deste\u011fi ve cemaat marifetiyle kurulan Ergenekon tertibi sonucu, 7 y\u0131l boyunca tutuldu\u011fu Silivri cezaevinde kansere yenik d\u00fc\u015ferek aram\u0131zdan ayr\u0131lan, Muzaffer Tekin&#8217;i, vefat\u0131n\u0131n 6. y\u0131l\u0131nda, hasret ve rahmetle an\u0131yoruz.. Ruhun \u015fad olsun, kahraman komutan! Huzur i\u00e7inde uyu&#8230;"},"content":{"rendered":"\n<p><\/p>\n\n\n\n<p><\/p>\n\n\n\n<figure class=\"wp-block-gallery columns-1 is-cropped wp-block-gallery-1 is-layout-flex wp-block-gallery-is-layout-flex\"><ul class=\"blocks-gallery-grid\"><li class=\"blocks-gallery-item\"><figure><img loading=\"lazy\" decoding=\"async\" width=\"350\" height=\"350\" src=\"https:\/\/www.muzaffertekin.com.tr\/wp-content\/uploads\/2021\/03\/IMG_20210331_204123_414.jpg\" alt=\"\" data-id=\"3373\" data-full-url=\"https:\/\/www.muzaffertekin.com.tr\/wp-content\/uploads\/2021\/03\/IMG_20210331_204123_414.jpg\" data-link=\"https:\/\/www.muzaffertekin.com.tr\/?attachment_id=3373\" class=\"wp-image-3373\" srcset=\"https:\/\/www.muzaffertekin.com.tr\/wp-content\/uploads\/2021\/03\/IMG_20210331_204123_414.jpg 350w, https:\/\/www.muzaffertekin.com.tr\/wp-content\/uploads\/2021\/03\/IMG_20210331_204123_414-300x300.jpg 300w, https:\/\/www.muzaffertekin.com.tr\/wp-content\/uploads\/2021\/03\/IMG_20210331_204123_414-150x150.jpg 150w, https:\/\/www.muzaffertekin.com.tr\/wp-content\/uploads\/2021\/03\/IMG_20210331_204123_414-144x144.jpg 144w\" sizes=\"auto, (max-width: 350px) 100vw, 350px\" \/><\/figure><\/li><\/ul><\/figure>\n","protected":false},"excerpt":{"rendered":"","protected":false},"author":1,"featured_media":0,"comment_status":"open","ping_status":"open","sticky":false,"template":"","format":"standard","meta":{"ngg_post_thumbnail":0,"footnotes":""},"categories":[1],"tags":[27,37,41,39,40],"class_list":["post-3375","post","type-post","status-publish","format-standard","hentry","category-genel","tag-ergenekon","tag-muzaffer-tekin","tag-silivri-cezaevi","tag-tsk","tag-tuzla-piyade-okulu"],"aioseo_notices":[],"_links":{"self":[{"href":"https:\/\/www.muzaffertekin.com.tr\/index.php?rest_route=\/wp\/v2\/posts\/3375","targetHints":{"allow":["GET"]}}],"collection":[{"href":"https:\/\/www.muzaffertekin.com.tr\/index.php?rest_route=\/wp\/v2\/posts"}],"about":[{"href":"https:\/\/www.muzaffertekin.com.tr\/index.php?rest_route=\/wp\/v2\/types\/post"}],"author":[{"embeddable":true,"href":"https:\/\/www.muzaffertekin.com.tr\/index.php?rest_route=\/wp\/v2\/users\/1"}],"replies":[{"embeddable":true,"href":"https:\/\/www.muzaffertekin.com.tr\/index.php?rest_route=%2Fwp%2Fv2%2Fcomments&post=3375"}],"version-history":[{"count":3,"href":"https:\/\/www.muzaffertekin.com.tr\/index.php?rest_route=\/wp\/v2\/posts\/3375\/revisions"}],"predecessor-version":[{"id":3378,"href":"https:\/\/www.muzaffertekin.com.tr\/index.php?rest_route=\/wp\/v2\/posts\/3375\/revisions\/3378"}],"wp:attachment":[{"href":"https:\/\/www.muzaffertekin.com.tr\/index.php?rest_route=%2Fwp%2Fv2%2Fmedia&parent=3375"}],"wp:term":[{"taxonomy":"category","embeddable":true,"href":"https:\/\/www.muzaffertekin.com.tr\/index.php?rest_route=%2Fwp%2Fv2%2Fcategories&post=3375"},{"taxonomy":"post_tag","embeddable":true,"href":"https:\/\/www.muzaffertekin.com.tr\/index.php?rest_route=%2Fwp%2Fv2%2Ftags&post=3375"}],"curies":[{"name":"wp","href":"https:\/\/api.w.org\/{rel}","templated":true}]}}