{"id":3128,"date":"2016-01-15T16:28:05","date_gmt":"2016-01-15T14:28:05","guid":{"rendered":"http:\/\/www.muzaffertekin.com.tr\/?p=3128"},"modified":"2016-01-15T17:03:39","modified_gmt":"2016-01-15T15:03:39","slug":"nagehan-alci-ikinci-kez-mahkum-oldu","status":"publish","type":"post","link":"https:\/\/www.muzaffertekin.com.tr\/?p=3128","title":{"rendered":"Nagehan Al\u00e7\u0131 ikinci kez mahkum oldu!"},"content":{"rendered":"<h4 style=\"text-align: justify;\">Misyon gazetecilerinden Nagehan Al\u00e7\u0131, Muzaffer Tekin&#8217;e y\u00f6nelik yapm\u0131\u015f oldu\u011fu iftiralara kar\u015f\u0131l\u0131k\u00a0Silivri 2. Asliye Hukuk Mahkemesi taraf\u0131ndan 10.000 TL tazminat \u00f6demeye mahkum oldu. Al\u00e7\u0131, bas\u0131n yolu ile hakaret su\u00e7undan 8 Ekim 2015 tarihinde de Silivri 4. Ceza Mahkemesi taraf\u0131ndan 1.740 TL adli para cezas\u0131 ile cezaland\u0131r\u0131lm\u0131\u015ft\u0131.<\/h4>\n<h4 style=\"text-align: justify;\">E\u015fsiz insan, Muzaffer Tekin&#8217;e ya\u015fat\u0131lan zulm\u00fcn yak\u0131n tan\u0131klar\u0131 olarak bu kararlar\u0131n y\u00fcre\u011fimize su serpmedi\u011fini ifade ediyor, iktidar &#8211; Cemaat ortakl\u0131\u011f\u0131n\u0131n lale devrinde televizyon televizyon gezerek Muzaffer Tekin aleyhinde t\u00fcrl\u00fc iftiralar kusan, iktidar formatl\u0131 bu misyon gazetecilerini T\u00fcrk milletinin vicdan\u0131na b\u0131rak\u0131yoruz&#8230;<\/h4>\n<h4><a href=\"http:\/\/www.muzaffertekin.com.tr\/wp-content\/uploads\/2016\/01\/Nagehan-Al\u00e7\u0131-mahkum-oldu.jpg\"><img loading=\"lazy\" decoding=\"async\" class=\"aligncenter size-full wp-image-3129\" src=\"http:\/\/www.muzaffertekin.com.tr\/wp-content\/uploads\/2016\/01\/Nagehan-Al\u00e7\u0131-mahkum-oldu.jpg\" alt=\"Nagehan Al\u00e7\u0131 mahkum oldu!\" width=\"662\" height=\"535\" srcset=\"https:\/\/www.muzaffertekin.com.tr\/wp-content\/uploads\/2016\/01\/Nagehan-Al\u00e7\u0131-mahkum-oldu.jpg 662w, https:\/\/www.muzaffertekin.com.tr\/wp-content\/uploads\/2016\/01\/Nagehan-Al\u00e7\u0131-mahkum-oldu-300x242.jpg 300w\" sizes=\"auto, (max-width: 662px) 100vw, 662px\" \/><\/a><\/h4>\n<p style=\"text-align: right;\">S\u00f6zc\u00fc, 15.01.2016<\/p>\n","protected":false},"excerpt":{"rendered":"<p>Misyon gazetecilerinden Nagehan Al\u00e7\u0131, Muzaffer Tekin&#8217;e y\u00f6nelik yapm\u0131\u015f oldu\u011fu iftiralara kar\u015f\u0131l\u0131k\u00a0Silivri 2. Asliye Hukuk Mahkemesi taraf\u0131ndan 10.000 TL tazminat \u00f6demeye mahkum oldu. Al\u00e7\u0131, bas\u0131n yolu ile hakaret su\u00e7undan 8 Ekim 2015 tarihinde de Silivri 4. Ceza Mahkemesi taraf\u0131ndan 1.740 TL adli para cezas\u0131 ile cezaland\u0131r\u0131lm\u0131\u015ft\u0131. E\u015fsiz insan, Muzaffer Tekin&#8217;e ya\u015fat\u0131lan zulm\u00fcn yak\u0131n tan\u0131klar\u0131 olarak bu [&hellip;]<\/p>\n","protected":false},"author":1,"featured_media":0,"comment_status":"open","ping_status":"open","sticky":false,"template":"","format":"standard","meta":{"ngg_post_thumbnail":0,"footnotes":""},"categories":[1],"tags":[],"class_list":["post-3128","post","type-post","status-publish","format-standard","hentry","category-genel"],"aioseo_notices":[],"_links":{"self":[{"href":"https:\/\/www.muzaffertekin.com.tr\/index.php?rest_route=\/wp\/v2\/posts\/3128","targetHints":{"allow":["GET"]}}],"collection":[{"href":"https:\/\/www.muzaffertekin.com.tr\/index.php?rest_route=\/wp\/v2\/posts"}],"about":[{"href":"https:\/\/www.muzaffertekin.com.tr\/index.php?rest_route=\/wp\/v2\/types\/post"}],"author":[{"embeddable":true,"href":"https:\/\/www.muzaffertekin.com.tr\/index.php?rest_route=\/wp\/v2\/users\/1"}],"replies":[{"embeddable":true,"href":"https:\/\/www.muzaffertekin.com.tr\/index.php?rest_route=%2Fwp%2Fv2%2Fcomments&post=3128"}],"version-history":[{"count":3,"href":"https:\/\/www.muzaffertekin.com.tr\/index.php?rest_route=\/wp\/v2\/posts\/3128\/revisions"}],"predecessor-version":[{"id":3132,"href":"https:\/\/www.muzaffertekin.com.tr\/index.php?rest_route=\/wp\/v2\/posts\/3128\/revisions\/3132"}],"wp:attachment":[{"href":"https:\/\/www.muzaffertekin.com.tr\/index.php?rest_route=%2Fwp%2Fv2%2Fmedia&parent=3128"}],"wp:term":[{"taxonomy":"category","embeddable":true,"href":"https:\/\/www.muzaffertekin.com.tr\/index.php?rest_route=%2Fwp%2Fv2%2Fcategories&post=3128"},{"taxonomy":"post_tag","embeddable":true,"href":"https:\/\/www.muzaffertekin.com.tr\/index.php?rest_route=%2Fwp%2Fv2%2Ftags&post=3128"}],"curies":[{"name":"wp","href":"https:\/\/api.w.org\/{rel}","templated":true}]}}