{"id":3094,"date":"2015-04-04T13:40:36","date_gmt":"2015-04-04T10:40:36","guid":{"rendered":"http:\/\/www.muzaffertekin.com.tr\/?p=3094"},"modified":"2015-04-04T14:18:46","modified_gmt":"2015-04-04T11:18:46","slug":"ona-ithafen-1974-2015-munevver-borova-k-k-t-c","status":"publish","type":"post","link":"https:\/\/www.muzaffertekin.com.tr\/?p=3094","title":{"rendered":"O&#8217;NA \u0130THAFEN \/ 1974-2015  M\u00fcnevver Borova \/ K.K.T.C."},"content":{"rendered":"<h4 style=\"text-align: center;\"><strong>B\u0130Z\u0130M \u00d6ZG\u00dcRL\u00dcK H\u0130KAYEM\u0130Z<\/strong><\/h4>\n<p>Yine barut, yine kan, yine g\u00f6zya\u015f\u0131.<br \/>\nKuzeye d\u00f6n\u00fck ac\u0131dan kararm\u0131\u015f y\u00fczler<br \/>\nUmut,<br \/>\nY\u00fcreklerde \u00f6zlem,<br \/>\nHade gelin art\u0131k!<br \/>\nBir sabah g\u00fcne\u015fi, bir \u0131\u015f\u0131k olun<br \/>\nS\u00fcz\u00fcl\u00fcn, Yavru Vatana!<\/p>\n<p>20 Temmuz 1974<br \/>\nEzan sesleri y\u00fckselir semaya,<br \/>\nHummal\u0131 bir heyecan y\u00fcreklerde,<br \/>\n\u0130ste geldiler!<br \/>\nG\u00f6\u011f\u00fcsleri siper kahpe kur\u015funlara<br \/>\nOnlar kara kartal s\u00fcz\u00fcl\u00fcr topra\u011fa<br \/>\nOnlar Mehmetler!<br \/>\nOnlar d\u00fc\u015fmana aman dedirtenler!<\/p>\n<p>Ey kahpe Rum, kahpe Yunan<br \/>\nKa\u00e7acak yeriniz mi var?<br \/>\nAman dileycek y\u00fcz\u00fcn m\u00fc var?<br \/>\nMehmetler kucakla\u015ft\u0131 M\u00fccahitlerle<br \/>\nBu topraklar bizim<br \/>\nOlmaz size diyar!<\/p>\n<p>G\u00fcnler ge\u00e7ti oluk oluk akt\u0131 kanlar<br \/>\nNice canlar y\u00fckseldi ar\u015fa nice canlar<br \/>\nDurmad\u0131 katliamlar!<br \/>\nNe ya\u015fl\u0131 dediler ne bebekleri kay\u0131rd\u0131lar<br \/>\nOnlar insan de\u011fil!<br \/>\nOnlar insanl\u0131ktan nasibini almam\u0131\u015f<br \/>\nKalle\u015f Palikaryalar!<\/p>\n<p>Gece karanl\u0131k, ay bile saklam\u0131\u015f kendini<br \/>\nPencerelerde kum torbalar\u0131<br \/>\nAs\u0131lm\u0131\u015f battaniyeler<br \/>\nNefesler firt\u0131na bu sessizlikte<\/p>\n<p>Ayak sesleri duyulur merdivenlerden.<br \/>\n\u00c7\u0131t yok yerde oturanlardan,<br \/>\nBir karalt\u0131<br \/>\nArd\u0131nda bir daha!<br \/>\nBinlerce ku\u015f \u00e7\u0131rp\u0131n\u0131r y\u00fcreklerde.<\/p>\n<p>&#8221;Benim!&#8221;<br \/>\nBabam\u0131n sesi bu<br \/>\n\u00c7akar \u00e7akma\u011f\u0131n\u0131<br \/>\nYere \u00e7\u00f6melmi\u015f<br \/>\nArkas\u0131nda biri var!<br \/>\nG\u00f6lgeler i\u00e7inde ayakta,<br \/>\nO bir asker<br \/>\nO bir Mehmet\u00e7ik<br \/>\nKasaturas\u0131 sallan\u0131r belindeki palaskadan<\/p>\n<p>&#8221;Ad\u0131 Muzaffer&#8221; dedi babam.<br \/>\nKirpiklerimiz de\u011fmedi birbirine<br \/>\nO na bakarken<br \/>\nEli uzand\u0131,<br \/>\nOk\u015fad\u0131 ba\u015f\u0131m\u0131z\u0131,<br \/>\nSildi anam\u0131n akan g\u00f6z ya\u015f\u0131n\u0131.<br \/>\n&#8221;Her\u015fey bitti anac\u0131\u011f\u0131m&#8221; dedi.<br \/>\n&#8221;Biz buraday\u0131z&#8221;.<br \/>\n&#8221;Biz bir y\u00fcrekte atan iki can\u0131z.&#8221;<br \/>\n&#8221;Biz Ana K\u0131z bir ulus bir topra\u011f\u0131z&#8221;<\/p>\n<p>Sustu silahlar!<br \/>\nBayraklar g\u00f6nderde nazl\u0131 birer gelin<br \/>\n\u015eehitler u\u011furland\u0131 cennetteki mekanlar\u0131na<br \/>\nAnalar bac\u0131lar e\u015fler karde\u015fler \u00e7ocuklar<br \/>\nVatan sa\u011f oldun dediler<br \/>\nBa\u015flar\u0131 dik selam dururken bayra\u011fa<\/p>\n<p>Bu s\u0131n\u0131rlar kalemle de\u011fil,<br \/>\nKanla \u00e7izildi!<br \/>\nNice yi\u011fitler feda etti canlar\u0131n\u0131,<br \/>\nNice bebeler b\u00fcy\u00fcyemedi!<br \/>\nElleriyle kazd\u0131 \u015fehidinin mezar\u0131n\u0131<br \/>\n\u0130man etti, yemin etti analar,<br \/>\nBir zerre topra\u011f\u0131n\u0131 vermedi!<\/p>\n<p>M\u00fccahitler Mehmetler,<br \/>\nGirne Kap\u0131s\u0131ndan geciyorlar,<br \/>\nEn \u00f6nde bir asker,<br \/>\nHeybetli, kartal bak\u0131\u015fl\u0131,<br \/>\nO bir ya\u011f\u0131z yi\u011fit<br \/>\nO bir cengaver!<br \/>\nO nun ad\u0131 Muzaffer!<br \/>\nAlm\u0131\u015f arkas\u0131na Mehmetleri<br \/>\nYeri g\u00f6\u011f\u00fc inletir sert ad\u0131mlar\u0131<br \/>\nKaderi de\u011fi\u015ftirir<br \/>\nZafere ula\u015ft\u0131r\u0131r<br \/>\nAld\u0131\u011f\u0131 cesur kararlar\u0131!<\/p>\n<p>Unutma, unutturma,<br \/>\nAnlat senden sonraki nesillere,<br \/>\nAya\u011f\u0131n\u0131 bast\u0131\u011f\u0131n yer toprak de\u011fil Vatand\u0131r!<br \/>\nBu topraklar\u0131 vatan yapan ak\u0131t\u0131lan Kand\u0131r!<br \/>\nOnlar\u0131n adlar\u0131 M\u00fccahit, Mehmet<br \/>\nOnlar da\u011flarda Karasald\u0131r.<br \/>\nOnlar &#8221;Allah Allah&#8221; nidalar\u0131 ile<br \/>\nD\u00fc\u015fmana kan kusturanlard\u0131r.<br \/>\nOnlar da\u011flara tepelere ad\u0131n\u0131 yazd\u0131ran<br \/>\nOnlar Bayrakla\u015fan,<br \/>\nOnlar \u00f6zg\u00fcrl\u00fck tarihimizi yazan<br \/>\nT\u00fcrk Kahramanlard\u0131r!<\/p>\n<p><strong>M\u00fcnevver Borova<\/strong><br \/>\n<strong> 29 Ekim 1974<\/strong><\/p>\n<p>&nbsp;<\/p>\n<p>&nbsp;<\/p>\n<h4 style=\"text-align: center;\"><strong>U\u011eURLAR OLSUN Y\u00dcZBA\u015eIM&#8230;<\/strong><\/h4>\n<p>Selam olsun sana Y\u00fczba\u015f\u0131m,<br \/>\nSelam olsun seni tan\u0131yan y\u00fcreklerden,<br \/>\nBa\u015f\u0131n\u0131 ok\u015fad\u0131\u011f\u0131n \u00e7ocuklardan,<br \/>\nG\u00f6zya\u015f\u0131n\u0131 sildi\u011fin analardan,<br \/>\nSelam olsun sana Y\u00fczba\u015f\u0131m<br \/>\nAd\u0131n\u0131 yazd\u0131rd\u0131\u011f\u0131n tepelerden<br \/>\nBayra\u011f\u0131m\u0131z\u0131 dalgaland\u0131rd\u0131\u011f\u0131n<br \/>\n\u00d6zg\u00fcrl\u00fck r\u00fczgarlar\u0131n\u0131n esti\u011fi<br \/>\nBe\u015fparmak Da\u011flar\u0131ndan,<br \/>\nSelam olsun Yavru Vatan dan<\/p>\n<p>Bug\u00fcn veda g\u00fcn\u00fc de\u011fil,<br \/>\nBu g\u00fcn bizim matemimiz de\u011fil,<br \/>\nBug\u00fcn kumpasc\u0131lar\u0131n utanc\u0131,<br \/>\nBug\u00fcn yalanc\u0131lar\u0131n<br \/>\nBug\u00fcn hayas\u0131zlar\u0131n<br \/>\nBug\u00fcn vatan satanlar\u0131n kara g\u00fcn\u00fcd\u00fcr!<br \/>\nBug\u00fcn \u015fehitlerle bulu\u015fma g\u00fcn\u00fc,<br \/>\nBug\u00fcn ba\u015flar dik, ma\u011frur,<br \/>\nBug\u00fcn gururlu ar\u015fa y\u00fckselme g\u00fcn\u00fcd\u00fcr!<\/p>\n<p>U\u011furlar olsun Muzaffer Y\u00fczba\u015f\u0131m,<br \/>\nSelam g\u00f6t\u00fcr babama!<br \/>\nSelam g\u00f6t\u00fcr topra\u011fa kan\u0131n\u0131 ak\u0131tanlara!<br \/>\nSelam g\u00f6t\u00fcr vatan\u0131 i\u00e7in can\u0131n\u0131 verenlere!<br \/>\nSelam g\u00f6t\u00fcr M\u00fccahitlere Mehmetlere!<br \/>\nSelam g\u00f6t\u00fcr ayn\u0131 kaderi payla\u015fanlara!<br \/>\nSelam g\u00f6t\u00fcr t\u00fcm komutanlara!<\/p>\n<p>Ne \u00e7\u0131kar \u00fc\u00e7 be\u015f sat\u0131lm\u0131\u015f a\u00e7m\u0131\u015fsa a\u011fz\u0131n\u0131,<br \/>\nYa\u015fayacaklar Y\u00fcce T\u00fcrk Milletinin gazab\u0131n\u0131<br \/>\nSen huzur i\u00e7in uyu Muzaffer Y\u00fczba\u015f\u0131m,<br \/>\nAd\u0131n\u0131 zikrederken diktir benim ba\u015f\u0131m,<br \/>\nBilen bilir senin yi\u011fitli\u011fini mertli\u011fini<br \/>\nG\u00f6z \u015fahittir nas\u0131l sevdi\u011fini milletini<br \/>\nSak\u0131nd\u0131\u011f\u0131n\u0131 bilir er ki\u015fi her kar\u0131\u015f topra\u011f\u0131n\u0131<br \/>\nCan verensin sen sadece sevdi\u011fin i\u00e7in vatan\u0131n\u0131<\/p>\n<p>U\u011furlar olsun Y\u00fczba\u015f\u0131m,<br \/>\nG\u00f6z ya\u015f\u0131 ile de\u011fil \u015f\u00fckranla dualarla<br \/>\nTarih senin ad\u0131n\u0131 yazd\u0131 alt\u0131n harflerle<br \/>\nGururlan\u0131rken T\u00fcrk Milleti seninle<br \/>\nD\u00fc\u015fmanlar okuyaycak utan\u00e7la gafletle<br \/>\nSevgini b\u0131rakt\u0131n sen y\u00fcre\u011fimizde<br \/>\nSenin ger\u00e7ek hikayelerindir dilimizde,<br \/>\nSenin ad\u0131n var topra\u011f\u0131m\u0131zda tepemizde<br \/>\nSenin kararlar\u0131n f\u0131rsat verdi gelece\u011fimize<br \/>\nSeninle kavu\u015ftuk \u00f6zg\u00fcrl\u00fc\u011f\u00fcm\u00fcze<br \/>\nKuzey K\u0131br\u0131s T\u00fcrk Cumhuriyetimize!<\/p>\n<p><strong>M\u00fcnevver Borova<br \/>\n<\/strong><strong>3 Nisan 2015<\/strong><\/p>\n","protected":false},"excerpt":{"rendered":"<p>B\u0130Z\u0130M \u00d6ZG\u00dcRL\u00dcK H\u0130KAYEM\u0130Z Yine barut, yine kan, yine g\u00f6zya\u015f\u0131. Kuzeye d\u00f6n\u00fck ac\u0131dan kararm\u0131\u015f y\u00fczler Umut, Y\u00fcreklerde \u00f6zlem, Hade gelin art\u0131k! Bir sabah g\u00fcne\u015fi, bir \u0131\u015f\u0131k olun S\u00fcz\u00fcl\u00fcn, Yavru Vatana! 20 Temmuz 1974 Ezan sesleri y\u00fckselir semaya, Hummal\u0131 bir heyecan y\u00fcreklerde, \u0130ste geldiler! G\u00f6\u011f\u00fcsleri siper kahpe kur\u015funlara Onlar kara kartal s\u00fcz\u00fcl\u00fcr topra\u011fa Onlar Mehmetler! Onlar d\u00fc\u015fmana [&hellip;]<\/p>\n","protected":false},"author":1,"featured_media":0,"comment_status":"open","ping_status":"open","sticky":false,"template":"","format":"standard","meta":{"ngg_post_thumbnail":0,"footnotes":""},"categories":[1],"tags":[],"class_list":["post-3094","post","type-post","status-publish","format-standard","hentry","category-genel"],"aioseo_notices":[],"_links":{"self":[{"href":"https:\/\/www.muzaffertekin.com.tr\/index.php?rest_route=\/wp\/v2\/posts\/3094","targetHints":{"allow":["GET"]}}],"collection":[{"href":"https:\/\/www.muzaffertekin.com.tr\/index.php?rest_route=\/wp\/v2\/posts"}],"about":[{"href":"https:\/\/www.muzaffertekin.com.tr\/index.php?rest_route=\/wp\/v2\/types\/post"}],"author":[{"embeddable":true,"href":"https:\/\/www.muzaffertekin.com.tr\/index.php?rest_route=\/wp\/v2\/users\/1"}],"replies":[{"embeddable":true,"href":"https:\/\/www.muzaffertekin.com.tr\/index.php?rest_route=%2Fwp%2Fv2%2Fcomments&post=3094"}],"version-history":[{"count":4,"href":"https:\/\/www.muzaffertekin.com.tr\/index.php?rest_route=\/wp\/v2\/posts\/3094\/revisions"}],"predecessor-version":[{"id":3098,"href":"https:\/\/www.muzaffertekin.com.tr\/index.php?rest_route=\/wp\/v2\/posts\/3094\/revisions\/3098"}],"wp:attachment":[{"href":"https:\/\/www.muzaffertekin.com.tr\/index.php?rest_route=%2Fwp%2Fv2%2Fmedia&parent=3094"}],"wp:term":[{"taxonomy":"category","embeddable":true,"href":"https:\/\/www.muzaffertekin.com.tr\/index.php?rest_route=%2Fwp%2Fv2%2Fcategories&post=3094"},{"taxonomy":"post_tag","embeddable":true,"href":"https:\/\/www.muzaffertekin.com.tr\/index.php?rest_route=%2Fwp%2Fv2%2Ftags&post=3094"}],"curies":[{"name":"wp","href":"https:\/\/api.w.org\/{rel}","templated":true}]}}