{"id":3088,"date":"2015-04-02T02:10:58","date_gmt":"2015-04-01T23:10:58","guid":{"rendered":"http:\/\/www.muzaffertekin.com.tr\/?p=3088"},"modified":"2015-04-02T23:17:31","modified_gmt":"2015-04-02T20:17:31","slug":"muyesser-yildizdan-taziye-mesaji","status":"publish","type":"post","link":"https:\/\/www.muzaffertekin.com.tr\/?p=3088","title":{"rendered":"M\u00dcYESSER YILDIZ&#8217;DAN TAZ\u0130YE MESAJI"},"content":{"rendered":"<p>O bir beyefendi, onur abidesi ve b\u00fcy\u00fck bir kahramand\u0131.<\/p>\n<p>1974&#8217;te K\u0131br\u0131s Bar\u0131\u015f Harek\u00e2t\u0131&#8217;nda \u00f6yle \u00fcst\u00fcn ba\u015far\u0131lar g\u00f6sterdi ki, bir tepeye <strong>\u201cZafer\u201d<\/strong> ad\u0131 verildi.<\/p>\n<p>Kumpas davalar i\u00e7in silah ve cinayet gerekiyordu; Dan\u0131\u015ftay katliam\u0131yla, aranan bulundu.<\/p>\n<p>D\u00f6nemin Ba\u015fbakan Yard\u0131mc\u0131s\u0131 Abdullah G\u00fcl, bizzat <strong>&#8220;\u00c7etenin ba\u015f\u0131 Albay Muzaffer&#8221;<\/strong> diyerek, onun ad\u0131n\u0131 zikretti.<\/p>\n<p>Tutukland\u0131. Silivri&#8217;de en uzun s\u00fcre yatan ve en a\u011f\u0131r cezaya \u00e7arpt\u0131r\u0131lan o oldu; \u0130ki kez a\u011f\u0131rla\u015ft\u0131r\u0131lm\u0131\u015f m\u00fcebbet, ayr\u0131ca 117 y\u0131l 1 ay hapis cezas\u0131 kesildi&#8230;<\/p>\n<p>Cezaevinde bedeni \u00e7\u00fcr\u00fcd\u00fc, g\u00fcn g\u00fcn eridi. B\u00f6yle g\u00fcndeme gelmemek i\u00e7in hastal\u0131\u011f\u0131n\u0131 gizledi. Oysa kanser olmu\u015ftu.<\/p>\n<p>Anayasa Mahkemesi&#8217;nin <strong>&#8220;yeniden yarg\u0131lama&#8221;<\/strong> karar\u0131n\u0131n ard\u0131ndan hapishaneden, hastaneye ge\u00e7ti.<\/p>\n<p>Yani \u00f6zg\u00fcrl\u00fc\u011f\u00fcn tad\u0131n\u0131 \u00e7\u0131karamad\u0131. Tam 1 y\u0131ld\u0131r tedavi g\u00f6r\u00fcyordu.<\/p>\n<p>Hasta yata\u011f\u0131nda yazd\u0131\u011f\u0131 mektupta, <strong>&#8220;Aklanarak tahliye olmak istiyorum&#8221;<\/strong> demi\u015fti.<\/p>\n<p>D\u00fcn gece kaybettik Y\u00fczba\u015f\u0131 Muzaffer Tekin&#8217;i.<\/p>\n<p><strong>SON ARZUSU NEYD\u0130<\/strong><\/p>\n<p><strong>Akland\u0131\u011f\u0131n\u0131 g\u00f6remedi&#8230; G\u00f6zleri a\u00e7\u0131k gitti&#8230; <\/strong><\/p>\n<p>Mektubunda, <strong>&#8220;En b\u00fcy\u00fck arzum, \u015fer odaklar\u0131n\u0131n y\u0131llarca bizler \u00fczerinden T\u00fcrkiye Cumhuriyeti&#8217;ni d\u00f6n\u00fc\u015ft\u00fcrmek i\u00e7in yapt\u0131klar\u0131 tertiplerin bir daha asla tekrarlanmayaca\u011f\u0131, laik, demokratik, sosyal, hukuk devletinde huzur ile ya\u015fayaca\u011f\u0131m\u0131z \u00f6zg\u00fcr g\u00fcnlere ula\u015fmakt\u0131r&#8221; <\/strong>demi\u015fti.<\/p>\n<p>\u0130n\u015fallah vasiyet gibi olan bu dile\u011fi ger\u00e7ekle\u015fir.<\/p>\n<p>O bedenen \u00f6ld\u00fc. Ama galiba h\u00e2l\u00e2 \u00f6l\u00fcs\u00fcnden bile korkanlar var ki, cenaze t\u00f6reni i\u00e7in karartma uygulan\u0131yor.<\/p>\n<p>Yar\u0131n \u00f6\u011flen namaz\u0131ndan sonra Selimiye Camii\u2019nde deniyor&#8230;<\/p>\n<p><strong>\u201cNaa\u015f\u0131 KKTC\u2019de topra\u011fa verilecek, yola \u00e7\u0131kt\u0131 bile\u201d<\/strong> haberleri yay\u0131l\u0131yor. KKTC\u2019den cenaze t\u00f6renine kat\u0131lmak i\u00e7in gelmeye haz\u0131rlananlar\u0131n biletlerini iptal etti\u011fi, cenazeyi bekledi\u011fi s\u00f6yleniyor.<\/p>\n<p>Kesin cenaze program\u0131n\u0131 duyural\u0131m;<\/p>\n<p>Yar\u0131n \u0130stanbul\u2019da ikindi namaz\u0131ndan sonra Selimiye Camii\u2019nde k\u0131l\u0131nacak cenaze namaz\u0131n\u0131n ard\u0131ndan Karacaahmet Mezarl\u0131\u011f\u0131\u2019nda son yolculu\u011funa u\u011furlanacak.<\/p>\n<p>KKTC\u2019deki Zafer Tepe\u2019den topra\u011f\u0131 geldi. KKTC devlet ni\u015fan\u0131 da!..<\/p>\n<p>Allah gani gani rahmet eylesin, mek\u00e2n\u0131n cennet olsun kahraman Y\u00fczba\u015f\u0131!..<\/p>\n<p><strong>M\u00fcyesser Y\u0131ld\u0131z Odatv.com <\/strong><\/p>\n","protected":false},"excerpt":{"rendered":"<p>O bir beyefendi, onur abidesi ve b\u00fcy\u00fck bir kahramand\u0131. 1974&#8217;te K\u0131br\u0131s Bar\u0131\u015f Harek\u00e2t\u0131&#8217;nda \u00f6yle \u00fcst\u00fcn ba\u015far\u0131lar g\u00f6sterdi ki, bir tepeye \u201cZafer\u201d ad\u0131 verildi. Kumpas davalar i\u00e7in silah ve cinayet gerekiyordu; Dan\u0131\u015ftay katliam\u0131yla, aranan bulundu. D\u00f6nemin Ba\u015fbakan Yard\u0131mc\u0131s\u0131 Abdullah G\u00fcl, bizzat &#8220;\u00c7etenin ba\u015f\u0131 Albay Muzaffer&#8221; diyerek, onun ad\u0131n\u0131 zikretti. Tutukland\u0131. Silivri&#8217;de en uzun s\u00fcre yatan ve [&hellip;]<\/p>\n","protected":false},"author":1,"featured_media":0,"comment_status":"open","ping_status":"open","sticky":false,"template":"","format":"standard","meta":{"ngg_post_thumbnail":0,"footnotes":""},"categories":[1],"tags":[],"class_list":["post-3088","post","type-post","status-publish","format-standard","hentry","category-genel"],"aioseo_notices":[],"_links":{"self":[{"href":"https:\/\/www.muzaffertekin.com.tr\/index.php?rest_route=\/wp\/v2\/posts\/3088","targetHints":{"allow":["GET"]}}],"collection":[{"href":"https:\/\/www.muzaffertekin.com.tr\/index.php?rest_route=\/wp\/v2\/posts"}],"about":[{"href":"https:\/\/www.muzaffertekin.com.tr\/index.php?rest_route=\/wp\/v2\/types\/post"}],"author":[{"embeddable":true,"href":"https:\/\/www.muzaffertekin.com.tr\/index.php?rest_route=\/wp\/v2\/users\/1"}],"replies":[{"embeddable":true,"href":"https:\/\/www.muzaffertekin.com.tr\/index.php?rest_route=%2Fwp%2Fv2%2Fcomments&post=3088"}],"version-history":[{"count":2,"href":"https:\/\/www.muzaffertekin.com.tr\/index.php?rest_route=\/wp\/v2\/posts\/3088\/revisions"}],"predecessor-version":[{"id":3090,"href":"https:\/\/www.muzaffertekin.com.tr\/index.php?rest_route=\/wp\/v2\/posts\/3088\/revisions\/3090"}],"wp:attachment":[{"href":"https:\/\/www.muzaffertekin.com.tr\/index.php?rest_route=%2Fwp%2Fv2%2Fmedia&parent=3088"}],"wp:term":[{"taxonomy":"category","embeddable":true,"href":"https:\/\/www.muzaffertekin.com.tr\/index.php?rest_route=%2Fwp%2Fv2%2Fcategories&post=3088"},{"taxonomy":"post_tag","embeddable":true,"href":"https:\/\/www.muzaffertekin.com.tr\/index.php?rest_route=%2Fwp%2Fv2%2Ftags&post=3088"}],"curies":[{"name":"wp","href":"https:\/\/api.w.org\/{rel}","templated":true}]}}