{"id":3081,"date":"2015-04-02T02:00:13","date_gmt":"2015-04-01T23:00:13","guid":{"rendered":"http:\/\/www.muzaffertekin.com.tr\/?p=3081"},"modified":"2015-04-02T23:14:50","modified_gmt":"2015-04-02T20:14:50","slug":"kibris-turku-munevver-borova-hanimefendiden-gelen-taziye-mesaji","status":"publish","type":"post","link":"https:\/\/www.muzaffertekin.com.tr\/?p=3081","title":{"rendered":"KIBRIS T\u00dcRK\u00dc, M\u00dcNEVVER BOROVA HANIMEFEND\u0130DEN GELEN TAZ\u0130YE MESAJI"},"content":{"rendered":"<h4>Muzaffer Y\u00fczba\u015f\u0131m,<br \/>\nSana Ay Y\u0131ld\u0131z\u0131n \u0131\u015f\u0131\u011f\u0131n\u0131, Bayra\u011f\u0131m\u0131z\u0131n k\u0131rm\u0131z\u0131s\u0131n\u0131 yak\u0131\u015ft\u0131rd\u0131m hep ama bu \u00f6l\u00fcm\u00fc yak\u0131\u015ft\u0131ramad\u0131m.<\/h4>\n<h4>Bug\u00fcn senin \u00f6l\u00fcm g\u00fcn\u00fcn de\u011fil, vatan\u0131 i\u00e7in can\u0131n\u0131 veren aziz \u015fehitlerimizle bulu\u015fma g\u00fcn\u00fcnd\u00fcr. Bug\u00fcn Kuzey K\u0131br\u0131s semalar\u0131nda dalgalanan Bayrak u\u011fruna, melekler ile cennete u\u011furlanan nice yi\u011fit vatanperver canlar, babam ile kucakla\u015fma g\u00fcn\u00fcd\u00fcr.<br \/>\nBir yi\u011fidin yi\u011fitli\u011fini s\u00f6z de\u011fil g\u00f6z\u00fcn tan\u0131kl\u0131\u011f\u0131 do\u011frular.<br \/>\nBiz Kuzey K\u0131br\u0131s l\u0131 T\u00fcrkler, yediden yetmi\u015fe, ad\u0131n gibi Muzaffer olan seni tan\u0131d\u0131k, sevdik, inand\u0131k. \u00c7ocuklar\u0131m\u0131za masal de\u011fil sen ve senin gibi kahramanlar\u0131n ger\u00e7ek hikayelerini anlatt\u0131k.<br \/>\nMuzaffer ve M\u00fccahitler e\u015fittir \u00d6zg\u00fcrl\u00fck ve Kuzey K\u0131br\u0131s T\u00fcrk Cumhuriyeti dedik.<\/h4>\n<h4>Seni tan\u0131man\u0131n, senin ile omuz omuza sava\u015fan bir baban\u0131n k\u0131z\u0131 olman\u0131n hakl\u0131 gururu ve T\u00fcrk Milletinin cengaver, vatanperver bir evlad\u0131n\u0131 daha kaybetmenin \u00fcz\u00fcnt\u00fcs\u00fc i\u00e7inde cennete u\u011furlarken selam g\u00f6t\u00fcr t\u00fcm \u015fehitlerimize.<\/h4>\n<h4>Ruhun ar\u015fa y\u00fckselirken sevgin y\u00fcreklerimizde, SEN an\u0131lar\u0131m\u0131zda ya\u015fayacaks\u0131n Y\u00fczba\u015f\u0131m.<br \/>\nSevgili ailenin, bizim, T\u00fcrk Milletinin Ba\u015f\u0131 Sa\u011folsun.<br \/>\nM\u00fcnevver Borova<br \/>\nKuzey K\u0131br\u0131s T\u00fcrk Cumhuriyeti<\/h4>\n","protected":false},"excerpt":{"rendered":"<p>Muzaffer Y\u00fczba\u015f\u0131m, Sana Ay Y\u0131ld\u0131z\u0131n \u0131\u015f\u0131\u011f\u0131n\u0131, Bayra\u011f\u0131m\u0131z\u0131n k\u0131rm\u0131z\u0131s\u0131n\u0131 yak\u0131\u015ft\u0131rd\u0131m hep ama bu \u00f6l\u00fcm\u00fc yak\u0131\u015ft\u0131ramad\u0131m. Bug\u00fcn senin \u00f6l\u00fcm g\u00fcn\u00fcn de\u011fil, vatan\u0131 i\u00e7in can\u0131n\u0131 veren aziz \u015fehitlerimizle bulu\u015fma g\u00fcn\u00fcnd\u00fcr. Bug\u00fcn Kuzey K\u0131br\u0131s semalar\u0131nda dalgalanan Bayrak u\u011fruna, melekler ile cennete u\u011furlanan nice yi\u011fit vatanperver canlar, babam ile kucakla\u015fma g\u00fcn\u00fcd\u00fcr. Bir yi\u011fidin yi\u011fitli\u011fini s\u00f6z de\u011fil g\u00f6z\u00fcn tan\u0131kl\u0131\u011f\u0131 do\u011frular. Biz [&hellip;]<\/p>\n","protected":false},"author":1,"featured_media":0,"comment_status":"open","ping_status":"open","sticky":false,"template":"","format":"standard","meta":{"ngg_post_thumbnail":0,"footnotes":""},"categories":[1],"tags":[],"class_list":["post-3081","post","type-post","status-publish","format-standard","hentry","category-genel"],"aioseo_notices":[],"_links":{"self":[{"href":"https:\/\/www.muzaffertekin.com.tr\/index.php?rest_route=\/wp\/v2\/posts\/3081","targetHints":{"allow":["GET"]}}],"collection":[{"href":"https:\/\/www.muzaffertekin.com.tr\/index.php?rest_route=\/wp\/v2\/posts"}],"about":[{"href":"https:\/\/www.muzaffertekin.com.tr\/index.php?rest_route=\/wp\/v2\/types\/post"}],"author":[{"embeddable":true,"href":"https:\/\/www.muzaffertekin.com.tr\/index.php?rest_route=\/wp\/v2\/users\/1"}],"replies":[{"embeddable":true,"href":"https:\/\/www.muzaffertekin.com.tr\/index.php?rest_route=%2Fwp%2Fv2%2Fcomments&post=3081"}],"version-history":[{"count":4,"href":"https:\/\/www.muzaffertekin.com.tr\/index.php?rest_route=\/wp\/v2\/posts\/3081\/revisions"}],"predecessor-version":[{"id":3087,"href":"https:\/\/www.muzaffertekin.com.tr\/index.php?rest_route=\/wp\/v2\/posts\/3081\/revisions\/3087"}],"wp:attachment":[{"href":"https:\/\/www.muzaffertekin.com.tr\/index.php?rest_route=%2Fwp%2Fv2%2Fmedia&parent=3081"}],"wp:term":[{"taxonomy":"category","embeddable":true,"href":"https:\/\/www.muzaffertekin.com.tr\/index.php?rest_route=%2Fwp%2Fv2%2Fcategories&post=3081"},{"taxonomy":"post_tag","embeddable":true,"href":"https:\/\/www.muzaffertekin.com.tr\/index.php?rest_route=%2Fwp%2Fv2%2Ftags&post=3081"}],"curies":[{"name":"wp","href":"https:\/\/api.w.org\/{rel}","templated":true}]}}