{"id":2821,"date":"2014-04-09T22:17:21","date_gmt":"2014-04-09T19:17:21","guid":{"rendered":"http:\/\/www.muzaffertekin.com.tr\/?p=2821"},"modified":"2014-04-09T22:17:21","modified_gmt":"2014-04-09T19:17:21","slug":"mustafa-mutlu-aydinlik-gazetesi-09-04-2014","status":"publish","type":"post","link":"https:\/\/www.muzaffertekin.com.tr\/?p=2821","title":{"rendered":"Mustafa Mutlu \/ Ayd\u0131nl\u0131k Gazetesi \/ 09.04.2014"},"content":{"rendered":"<p><a href=\"http:\/\/www.muzaffertekin.com.tr\/wp-content\/uploads\/2014\/04\/Mustafa-Mutlu.jpg\"><img loading=\"lazy\" decoding=\"async\" class=\"alignleft size-full wp-image-2822\" alt=\"Mustafa Mutlu\" src=\"http:\/\/www.muzaffertekin.com.tr\/wp-content\/uploads\/2014\/04\/Mustafa-Mutlu.jpg\" width=\"300\" height=\"226\" \/><\/a><\/p>\n<p>&nbsp;<\/p>\n<p><strong>\u0130Y\u0130 HABER!<\/strong><\/p>\n<p>Ergenekon davas\u0131nda iki kez a\u011f\u0131rla\u015ft\u0131r\u0131lm\u0131\u015f m\u00fcebbet ve ayr\u0131ca 117 y\u0131l 1 ay hapis cezas\u0131na \u00e7arpt\u0131r\u0131lan ve ge\u00e7en ay tahliye edilen Muzaffer Tekin?i, tedavi g\u00f6rmekte oldu\u011fu hastanede ziyaret ettim.<\/p>\n<p>\u00d6ncelikle sevenlerinin i\u00e7i rahat olsun; \u00e7\u00fcnk\u00fc sa\u011fl\u0131k durumu bomba gibi&#8230;<\/p>\n<p>Ona ?Teslim olma komutan? demi\u015ftik, bizi mahcup etmedi!<\/p>\n<p>Zarif ve vefak\u00e2r e\u015fiyle birlikte hayata s\u0131ms\u0131k\u0131 tutunmu\u015f; sava\u015f\u0131yor.<\/p>\n<p>Eminim ki bu sava\u015ftan zaferle \u00e7\u0131kt\u0131\u011f\u0131 haberini de \u00e7ok yak\u0131nda alaca\u011f\u0131z.<\/p>\n<p>Uzun s\u00fcren sohbetimizin i\u00e7eri\u011fine girmek istemiyorum. Sadece \u015fu kadar\u0131n\u0131 s\u00f6yleyebilirim ki; verilen cezay\u0131 de\u011fil, ad\u0131n\u0131n Dan\u0131\u015ftay Cinayeti?ne kar\u0131\u015ft\u0131r\u0131lm\u0131\u015f olmas\u0131n\u0131 hazmedemiyor ve ?Bu, onurlu bir T\u00fcrk subay\u0131na s\u00fcr\u00fclebilecek en b\u00fcy\u00fck lekedir? diyor.<\/p>\n<p>Bu centilmen askere bir kez daha ge\u00e7mi\u015f olsun diyorum.<\/p>\n","protected":false},"excerpt":{"rendered":"<p>&nbsp; \u0130Y\u0130 HABER! Ergenekon davas\u0131nda iki kez a\u011f\u0131rla\u015ft\u0131r\u0131lm\u0131\u015f m\u00fcebbet ve ayr\u0131ca 117 y\u0131l 1 ay hapis cezas\u0131na \u00e7arpt\u0131r\u0131lan ve ge\u00e7en ay tahliye edilen Muzaffer Tekin?i, tedavi g\u00f6rmekte oldu\u011fu hastanede ziyaret ettim. \u00d6ncelikle sevenlerinin i\u00e7i rahat olsun; \u00e7\u00fcnk\u00fc sa\u011fl\u0131k durumu bomba gibi&#8230; Ona ?Teslim olma komutan? demi\u015ftik, bizi mahcup etmedi! Zarif ve vefak\u00e2r e\u015fiyle birlikte hayata [&hellip;]<\/p>\n","protected":false},"author":1,"featured_media":0,"comment_status":"open","ping_status":"open","sticky":false,"template":"","format":"standard","meta":{"ngg_post_thumbnail":0,"footnotes":""},"categories":[1],"tags":[],"class_list":["post-2821","post","type-post","status-publish","format-standard","hentry","category-genel"],"aioseo_notices":[],"_links":{"self":[{"href":"https:\/\/www.muzaffertekin.com.tr\/index.php?rest_route=\/wp\/v2\/posts\/2821","targetHints":{"allow":["GET"]}}],"collection":[{"href":"https:\/\/www.muzaffertekin.com.tr\/index.php?rest_route=\/wp\/v2\/posts"}],"about":[{"href":"https:\/\/www.muzaffertekin.com.tr\/index.php?rest_route=\/wp\/v2\/types\/post"}],"author":[{"embeddable":true,"href":"https:\/\/www.muzaffertekin.com.tr\/index.php?rest_route=\/wp\/v2\/users\/1"}],"replies":[{"embeddable":true,"href":"https:\/\/www.muzaffertekin.com.tr\/index.php?rest_route=%2Fwp%2Fv2%2Fcomments&post=2821"}],"version-history":[{"count":1,"href":"https:\/\/www.muzaffertekin.com.tr\/index.php?rest_route=\/wp\/v2\/posts\/2821\/revisions"}],"predecessor-version":[{"id":2823,"href":"https:\/\/www.muzaffertekin.com.tr\/index.php?rest_route=\/wp\/v2\/posts\/2821\/revisions\/2823"}],"wp:attachment":[{"href":"https:\/\/www.muzaffertekin.com.tr\/index.php?rest_route=%2Fwp%2Fv2%2Fmedia&parent=2821"}],"wp:term":[{"taxonomy":"category","embeddable":true,"href":"https:\/\/www.muzaffertekin.com.tr\/index.php?rest_route=%2Fwp%2Fv2%2Fcategories&post=2821"},{"taxonomy":"post_tag","embeddable":true,"href":"https:\/\/www.muzaffertekin.com.tr\/index.php?rest_route=%2Fwp%2Fv2%2Ftags&post=2821"}],"curies":[{"name":"wp","href":"https:\/\/api.w.org\/{rel}","templated":true}]}}