{"id":2811,"date":"2014-04-06T00:18:20","date_gmt":"2014-04-05T21:18:20","guid":{"rendered":"http:\/\/www.muzaffertekin.com.tr\/?p=2811"},"modified":"2014-04-06T00:18:20","modified_gmt":"2014-04-05T21:18:20","slug":"ergenekon-mahkemesinin-ilk-baskani-bildigim-seyi-anlatirim","status":"publish","type":"post","link":"https:\/\/www.muzaffertekin.com.tr\/?p=2811","title":{"rendered":"Ergenekon mahkemesinin ilk ba\u015fkan\u0131: &#8220;B\u0130LD\u0130\u011e\u0130M HER \u015eEY\u0130 ANLATIRIM&#8221;"},"content":{"rendered":"<p style=\"text-align: justify;\"><a href=\"http:\/\/www.muzaffertekin.com.tr\/wp-content\/uploads\/2014\/04\/koksal-sengun.jpg\"><img loading=\"lazy\" decoding=\"async\" class=\"alignleft size-medium wp-image-2812\" alt=\"koksal sengun\" src=\"http:\/\/www.muzaffertekin.com.tr\/wp-content\/uploads\/2014\/04\/koksal-sengun-300x223.jpg\" width=\"300\" height=\"223\" srcset=\"https:\/\/www.muzaffertekin.com.tr\/wp-content\/uploads\/2014\/04\/koksal-sengun-300x223.jpg 300w, https:\/\/www.muzaffertekin.com.tr\/wp-content\/uploads\/2014\/04\/koksal-sengun.jpg 333w\" sizes=\"auto, (max-width: 300px) 100vw, 300px\" \/><\/a>Ergenekon mahkemesine 3 y\u0131l ba\u015fkanl\u0131k yapan K\u00f6ksal \u015eeng\u00fcn, \u0130stanbul eski 13. A\u011f\u0131r Ceza Mahkemesi?nin Ergenekon davas\u0131n\u0131n gerek\u00e7eli karar\u0131na ili\u015fkin konu\u015ftu.<\/p>\n<p style=\"text-align: justify;\">Mahkemeye 3 y\u0131l ba\u015fkanl\u0131k yapt\u0131ktan sonra, verdi\u011fi kararlar nedeniyle dava s\u00fcrecinde ba\u015fkanl\u0131ktan al\u0131nan emekli hakim \u015eeng\u00fcn, gerek\u00e7eli kararla ilgili,\u00a0<b>?Bulamad\u0131lar bir\u015fey, ne yapacaklar? ?S\u00fcsleme Sanat\u0131? yapt\u0131lar. 17 bin sayfa gerek\u00e7eli karar olur mu? Ciddi bir eylem bile yok. Bir tek Dan\u0131\u015ftay cinayeti var. O da nas\u0131l birle\u015fti ortada?\u00a0<\/b>dedi.<\/p>\n<p style=\"text-align: justify;\">Konuyla ilgili Milliyet gazetesinden Musa Kesler?in haberi \u015f\u00f6yle:<b><\/b><\/p>\n<p style=\"text-align: justify;\">&#8220;Ergenekon Davas\u0131?n\u0131 karara ba\u011flayan \u0130stanbul 13. A\u011f\u0131r Ceza Mahkemesi?nin \u00fc\u00e7 y\u0131l boyunca ba\u015fkanl\u0131\u011f\u0131n\u0131 yapan ve yarg\u0131lama s\u00fcrecinde mahkeme ba\u015fkanl\u0131\u011f\u0131ndan al\u0131nan emekli hakim K\u00f6ksal \u015eeng\u00fcn, Ergenekon Davas\u0131?n\u0131n gerek\u00e7eli karar\u0131n\u0131 Milliyet?e de\u011ferlendirdi.<\/p>\n<p style=\"text-align: justify;\">\u015eeng\u00fcn, karar\u0131n gecikmesiyle ilgili ?Bulamad\u0131lar bir\u015fey, ne yapacaklar? ?S\u00fcsleme Sanat\u0131? yapt\u0131lar. 17 bin sayfa gerek\u00e7eli karar olur mu? Ciddi bir eylem bile yok. Bir tek Dan\u0131\u015ftay cinayeti var. O da nas\u0131l birle\u015fti ortada? dedi. \u015eeng\u00fcn, hen\u00fcz karar\u0131n tamam\u0131n\u0131 incelemedi\u011fini vurgularken\u00a0<b>?Ancak g\u00f6rd\u00fc\u011f\u00fcm kadar\u0131yla sansasyonel bir karar?<\/b>\u00a0dedi.<\/p>\n<p style=\"text-align: justify;\">\u015eeng\u00fcn,\u00a0<b>?Hangi y\u00f6nden sansasyonel??<\/b>\u00a0sorusuna\u00a0<b>?Esasa m\u00fcessir karar yaz\u0131l\u0131r. Yani dosyan\u0131n i\u00e7eri\u011findeki delil ve bilgilere g\u00f6re yaz\u0131l\u0131r. Hayali ya da \u00fctopik karar yaz\u0131lmaz?<\/b>\u00a0yan\u0131t\u0131n\u0131 verdi.<\/p>\n<p style=\"text-align: justify;\"><b>DANI\u015eTAY BA\u011eLANTISI A\u00c7IKLANAMAMI\u015e !!!<\/b><\/p>\n<p style=\"text-align: justify;\">\u015eeng\u00fcn,<b>\u00a0?Dan\u0131\u015ftay Davas\u0131 ile \u00e7o\u011fu konuda ?ba\u011flant\u0131 bulamad\u0131k? diyor. O zaman niye birle\u015ftirildi? A\u00e7\u0131k ve net delillerle ortada olan bir\u015fey yok. O (iki dava aras\u0131nda hukuki ve fiili irtibat var) karar\u0131n\u0131 o zaman Yarg\u0131tay verdi. \u0130\u015fg\u00fczar Yarg\u0131tay i\u015fte&#8230; Gittiler savc\u0131 Zekeriya \u00d6z?le inceleme yapt\u0131lar, bulgular\u0131 incelemeden Yarg\u0131tay?a yollad\u0131lar. O \u015fekilde ba\u011flad\u0131lar?<\/b>\u00a0dedi. \u0130lker Ba\u015fbu\u011f?a iligili yorumlar\u0131 da de\u011ferlendiren \u015eeng\u00fcn, \u015f\u00f6yle devam etti:<\/p>\n<p style=\"text-align: justify;\">?Ba\u015fbu\u011f hakk\u0131ndaki yorumlar hepten mesnetsiz ve yanl\u0131\u015f. Devletin Genelkurmay Ba\u015fkan\u0131?a ?anar\u015fi\u015ft? ya da ?ter\u00f6rist? diyorsunuz. D\u00fcnyada \u00f6rne\u011fi var m\u0131? Nerede, hangi Gladyo? T\u00fcrk Gladyosu nedir? Bana bunu biri a\u00e7\u0131klas\u0131n. Telefon defterinde senin numaran \u00e7\u0131kt\u0131, ortaks\u0131n, \u00f6rg\u00fcts\u00fcn diyorsun. B\u00f6yle olur mu??<\/p>\n<p style=\"text-align: justify;\"><b>S\u0130YAS\u0130 B\u0130R DAVA<br \/>\n<\/b><\/p>\n<p style=\"text-align: justify;\">Mahkemenin (U\u011fur Mumcu cinayeti, Mara\u015f ve Gazi olaylar\u0131 gibi) 51 dosyay\u0131 ?fuzuli yere? inceledi\u011fini belirten \u015eeng\u00fcn, ?Davan\u0131n nas\u0131l a\u00e7\u0131ld\u0131\u011f\u0131, nas\u0131l y\u00fcr\u00fcd\u00fc\u011f\u00fc belli. Her \u015fey kamuoyu \u00f6n\u00fcnde ger\u00e7ekle\u015fti. Birbirini tan\u0131mayan, kanl\u0131 b\u0131\u00e7akl\u0131 olan insanlar \u00f6rg\u00fct yap\u0131ld\u0131. Siyasi bir dava. Ama h\u00fck\u00fcmet de anlad\u0131 neyin ne oldu\u011funu. Sen Genelkurmay Ba\u015fkan\u0131?n\u0131 yarg\u0131l\u0131yorsun ama onu atayan Ba\u015fbakan?a bir\u015fey sormuyorsun, Savunma Bakan\u0131?na sormuyorsun? diye konu\u015ftu.<\/p>\n<p style=\"text-align: justify;\"><b>TANIK OLURUM<br \/>\n<\/b><\/p>\n<p style=\"text-align: justify;\">\u015eeng\u00fcn\u00a0<b>?Dava s\u00fcreciyle ilgili bir soru\u015fturma inceleme olsa tan\u0131k olur musunuz??<\/b>\u00a0sorusuna\u00a0<b>?Olurum tabii. Bildi\u011fim\u00a0her \u015feyi anlat\u0131r\u0131m?<\/b>\u00a0kar\u015f\u0131l\u0131\u011f\u0131n\u0131 verdi. \u015eeng\u00fcn, ?Yarg\u0131tay, yerel mahkemenin karar\u0131n\u0131 bozar m\u0131?? sorusuna da ?Yarg\u0131tay?\u0131n ne yapaca\u011f\u0131n\u0131 bilmiyorum ama \u00e7ok da bir \u015fey yapaca\u011f\u0131n\u0131 sanm\u0131yorum. Balyoz?u napt\u0131lar?<b>\u00a0?Adil karar verece\u011fiz?<\/b>\u00a0dediler ama hepsini onad\u0131lar. O dosyada ne vard\u0131? Hi\u00e7bir \u015fey. \u0130nsan hayat\u0131 bu kadar ucuz de\u011fil, yaz\u0131k? dedi.&#8221;<\/p>\n","protected":false},"excerpt":{"rendered":"<p>Ergenekon mahkemesine 3 y\u0131l ba\u015fkanl\u0131k yapan K\u00f6ksal \u015eeng\u00fcn, \u0130stanbul eski 13. A\u011f\u0131r Ceza Mahkemesi?nin Ergenekon davas\u0131n\u0131n gerek\u00e7eli karar\u0131na ili\u015fkin konu\u015ftu. Mahkemeye 3 y\u0131l ba\u015fkanl\u0131k yapt\u0131ktan sonra, verdi\u011fi kararlar nedeniyle dava s\u00fcrecinde ba\u015fkanl\u0131ktan al\u0131nan emekli hakim \u015eeng\u00fcn, gerek\u00e7eli kararla ilgili,\u00a0?Bulamad\u0131lar bir\u015fey, ne yapacaklar? ?S\u00fcsleme Sanat\u0131? yapt\u0131lar. 17 bin sayfa gerek\u00e7eli karar olur mu? Ciddi bir eylem [&hellip;]<\/p>\n","protected":false},"author":1,"featured_media":0,"comment_status":"open","ping_status":"open","sticky":false,"template":"","format":"standard","meta":{"ngg_post_thumbnail":0,"footnotes":""},"categories":[1],"tags":[],"class_list":["post-2811","post","type-post","status-publish","format-standard","hentry","category-genel"],"aioseo_notices":[],"_links":{"self":[{"href":"https:\/\/www.muzaffertekin.com.tr\/index.php?rest_route=\/wp\/v2\/posts\/2811","targetHints":{"allow":["GET"]}}],"collection":[{"href":"https:\/\/www.muzaffertekin.com.tr\/index.php?rest_route=\/wp\/v2\/posts"}],"about":[{"href":"https:\/\/www.muzaffertekin.com.tr\/index.php?rest_route=\/wp\/v2\/types\/post"}],"author":[{"embeddable":true,"href":"https:\/\/www.muzaffertekin.com.tr\/index.php?rest_route=\/wp\/v2\/users\/1"}],"replies":[{"embeddable":true,"href":"https:\/\/www.muzaffertekin.com.tr\/index.php?rest_route=%2Fwp%2Fv2%2Fcomments&post=2811"}],"version-history":[{"count":3,"href":"https:\/\/www.muzaffertekin.com.tr\/index.php?rest_route=\/wp\/v2\/posts\/2811\/revisions"}],"predecessor-version":[{"id":2815,"href":"https:\/\/www.muzaffertekin.com.tr\/index.php?rest_route=\/wp\/v2\/posts\/2811\/revisions\/2815"}],"wp:attachment":[{"href":"https:\/\/www.muzaffertekin.com.tr\/index.php?rest_route=%2Fwp%2Fv2%2Fmedia&parent=2811"}],"wp:term":[{"taxonomy":"category","embeddable":true,"href":"https:\/\/www.muzaffertekin.com.tr\/index.php?rest_route=%2Fwp%2Fv2%2Fcategories&post=2811"},{"taxonomy":"post_tag","embeddable":true,"href":"https:\/\/www.muzaffertekin.com.tr\/index.php?rest_route=%2Fwp%2Fv2%2Ftags&post=2811"}],"curies":[{"name":"wp","href":"https:\/\/api.w.org\/{rel}","templated":true}]}}